{"id":1056,"date":"2024-09-04T12:02:35","date_gmt":"2024-09-04T10:02:35","guid":{"rendered":"https:\/\/latijerayeldedal.com\/blog\/?p=1056"},"modified":"2024-10-28T19:09:07","modified_gmt":"2024-10-28T18:09:07","slug":"bolso-de-patchwork","status":"publish","type":"post","link":"https:\/\/latijerayeldedal.com\/blog\/bolso-de-patchwork\/","title":{"rendered":"Bolso de patchwork"},"content":{"rendered":"\n<p><strong>Precioso bolso de patchwork<\/strong> que ha realizado una de nuestras alumnas de <strong>La Tijera y el Dedal<\/strong>, en este caso es de <strong>Bel\u00e9n<\/strong>.<\/p>\n\n\n\n<p>Este bolso destaca por la combinaci\u00f3n de distintas <strong>telas<\/strong> y la marcada costura exterior que define su estilo, record\u00e1ndonos a los quilts tradicionales y d\u00e1ndole un toque muy chulo.<\/p>\n\n\n\n<p>Si te gustar\u00eda aprender a hacer tu propio bolso de <strong>patchwork<\/strong> o explorar m\u00e1s t\u00e9cnicas de <strong>costura<\/strong>, no dudes en visitar nuestra <strong>mercer\u00eda<\/strong> para encontrar todos los materiales que necesitas.<\/p>\n\n\n\n<p>Si&nbsp;t\u00fa&nbsp;quieres&nbsp;<strong>aprender&nbsp;<\/strong>a realizar labores c\u00f3mo este bolso de patchwork,&nbsp;<a href=\"https:\/\/latijerayeldedal.com\/content\/6-sobre-nosotras\">ap\u00fantate&nbsp;<\/a>a nuestros cursos y talleres especiales. Visita nuestra&nbsp;<a href=\"https:\/\/www.google.com\/search?gs_ssp=eJzj4tVP1zc0TM7OrkwrSykxYLRSMahIMTG0sDQGQlMDIDC0MqhISjEzTkxNSzVKSjI2SDI38xLJSVQoycxKLUpUqFRIzVFISU1JzAEAMXoWTA&amp;q=la+tijera+y+el+dedal&amp;oq=la+ti&amp;gs_lcrp=EgZjaHJvbWUqFQgBEC4YJxivARjHARiABBiKBRiOBTIPCAAQIxgnGOMCGIAEGIoFMhUIARAuGCcYrwEYxwEYgAQYigUYjgUyBwgCEC4YgAQyBwgDEC4YgAQyBggEEEUYPDIGCAUQRRg8MgYIBhBFGD0yBggHEEUYQdIBCDE5MjBqMGo3qAIAsAIA&amp;sourceid=chrome&amp;ie=UTF-8\">tienda<\/a>&nbsp;o escr\u00edbenos al&nbsp;<strong>Whatsapp&nbsp;<\/strong>o llamando al: 682 237 572<br><br>Entrada del 9 de abril de 2016 para nuestro <strong>Retroblog<\/strong><\/p>\n\n\n<div class=\"wp-block-image\">\n<figure class=\"aligncenter\"><a href=\"https:\/\/www.blogger.com\/blog\/post\/edit\/3460121549281398812\/4974638989440483695#\"><img fetchpriority=\"high\" decoding=\"async\" width=\"640\" height=\"640\" src=\"https:\/\/latijerayeldedal.com\/blog\/wp-content\/uploads\/2024\/09\/image-3.jpeg\" alt=\"Bolso de patchwork\" class=\"wp-image-1058\" srcset=\"https:\/\/latijerayeldedal.com\/blog\/wp-content\/uploads\/2024\/09\/image-3.jpeg 640w, https:\/\/latijerayeldedal.com\/blog\/wp-content\/uploads\/2024\/09\/image-3-300x300.jpeg 300w, https:\/\/latijerayeldedal.com\/blog\/wp-content\/uploads\/2024\/09\/image-3-150x150.jpeg 150w, https:\/\/latijerayeldedal.com\/blog\/wp-content\/uploads\/2024\/09\/image-3-500x500.jpeg 500w\" sizes=\"(max-width: 640px) 100vw, 640px\" \/><\/a><\/figure>\n<\/div>\n\n<div class=\"wp-block-image\">\n<figure class=\"aligncenter\"><a href=\"https:\/\/www.blogger.com\/blog\/post\/edit\/3460121549281398812\/4974638989440483695#\"><img decoding=\"async\" width=\"640\" height=\"640\" src=\"https:\/\/latijerayeldedal.com\/blog\/wp-content\/uploads\/2024\/09\/image-4.jpeg\" alt=\"Bolso de patchwork\" class=\"wp-image-1059\" srcset=\"https:\/\/latijerayeldedal.com\/blog\/wp-content\/uploads\/2024\/09\/image-4.jpeg 640w, https:\/\/latijerayeldedal.com\/blog\/wp-content\/uploads\/2024\/09\/image-4-300x300.jpeg 300w, https:\/\/latijerayeldedal.com\/blog\/wp-content\/uploads\/2024\/09\/image-4-150x150.jpeg 150w, https:\/\/latijerayeldedal.com\/blog\/wp-content\/uploads\/2024\/09\/image-4-500x500.jpeg 500w\" sizes=\"(max-width: 640px) 100vw, 640px\" \/><\/a><\/figure>\n<\/div>","protected":false},"excerpt":{"rendered":"<p>Precioso bolso de patchwork que ha realizado una de nuestras alumnas de La Tijera y el Dedal, en este caso es de Bel\u00e9n. Este bolso destaca por la combinaci\u00f3n de distintas telas y la marcada costura exterior que define su estilo, record\u00e1ndonos a los quilts tradicionales y d\u00e1ndole un toque muy chulo. Si te gustar\u00eda [&hellip;]<\/p>\n","protected":false},"author":2,"featured_media":1059,"comment_status":"open","ping_status":"open","sticky":false,"template":"","format":"standard","meta":{"_acf_changed":false,"footnotes":""},"categories":[39,26,35],"tags":[83,27,40],"class_list":["post-1056","post","type-post","status-publish","format-standard","has-post-thumbnail","hentry","category-bolsos","category-handmade","category-patchwork","tag-bolsos","tag-handmade","tag-patchwork"],"acf":[],"yoast_head":"<!-- This site is optimized with the Yoast SEO plugin v23.5 - https:\/\/yoast.com\/wordpress\/plugins\/seo\/ -->\n<title>Bolso de patchwork - El Retroblog de la Tijera y el Dedal<\/title>\n<meta name=\"description\" content=\"Precioso bolso de patchwork hecho por Bel\u00e9n, alumna de La Tijera y el Dedal, con telas combinadas y costuras que evocan quilts tradicionales.\" \/>\n<meta name=\"robots\" content=\"noindex, follow, max-snippet:-1, max-image-preview:large, max-video-preview:-1\" \/>\n<meta property=\"og:locale\" content=\"es_ES\" \/>\n<meta property=\"og:type\" content=\"article\" \/>\n<meta property=\"og:title\" content=\"Bolso de patchwork - El Retroblog de la Tijera y el Dedal\" \/>\n<meta property=\"og:description\" content=\"Precioso bolso de patchwork hecho por Bel\u00e9n, alumna de La Tijera y el Dedal, con telas combinadas y costuras que evocan quilts tradicionales.\" \/>\n<meta property=\"og:url\" content=\"https:\/\/latijerayeldedal.com\/blog\/bolso-de-patchwork\/\" \/>\n<meta property=\"og:site_name\" content=\"El Retroblog de la Tijera y el Dedal\" \/>\n<meta property=\"article:author\" content=\"https:\/\/www.facebook.com\/LaTijerayelDedal\/\" \/>\n<meta property=\"article:published_time\" content=\"2024-09-04T10:02:35+00:00\" \/>\n<meta property=\"article:modified_time\" content=\"2024-10-28T18:09:07+00:00\" \/>\n<meta property=\"og:image\" content=\"https:\/\/latijerayeldedal.com\/blog\/wp-content\/uploads\/2024\/09\/image-4.jpeg\" \/>\n\t<meta property=\"og:image:width\" content=\"640\" \/>\n\t<meta property=\"og:image:height\" content=\"640\" \/>\n\t<meta property=\"og:image:type\" content=\"image\/jpeg\" \/>\n<meta name=\"author\" content=\"latijerayeldedal\" \/>\n<meta name=\"twitter:card\" content=\"summary_large_image\" \/>\n<meta name=\"twitter:label1\" content=\"Escrito por\" \/>\n\t<meta name=\"twitter:data1\" content=\"latijerayeldedal\" \/>\n\t<meta name=\"twitter:label2\" content=\"Tiempo de lectura\" \/>\n\t<meta name=\"twitter:data2\" content=\"2 minutos\" \/>\n<script type=\"application\/ld+json\" class=\"yoast-schema-graph\">{\"@context\":\"https:\/\/schema.org\",\"@graph\":[{\"@type\":\"WebPage\",\"@id\":\"https:\/\/latijerayeldedal.com\/blog\/bolso-de-patchwork\/\",\"url\":\"https:\/\/latijerayeldedal.com\/blog\/bolso-de-patchwork\/\",\"name\":\"Bolso de patchwork - El Retroblog de la Tijera y el Dedal\",\"isPartOf\":{\"@id\":\"https:\/\/latijerayeldedal.com\/blog\/#website\"},\"primaryImageOfPage\":{\"@id\":\"https:\/\/latijerayeldedal.com\/blog\/bolso-de-patchwork\/#primaryimage\"},\"image\":{\"@id\":\"https:\/\/latijerayeldedal.com\/blog\/bolso-de-patchwork\/#primaryimage\"},\"thumbnailUrl\":\"https:\/\/latijerayeldedal.com\/blog\/wp-content\/uploads\/2024\/09\/image-4.jpeg\",\"datePublished\":\"2024-09-04T10:02:35+00:00\",\"dateModified\":\"2024-10-28T18:09:07+00:00\",\"author\":{\"@id\":\"https:\/\/latijerayeldedal.com\/blog\/#\/schema\/person\/5a833ad857bd76f33fc76acba3b3f810\"},\"description\":\"Precioso bolso de patchwork hecho por Bel\u00e9n, alumna de La Tijera y el Dedal, con telas combinadas y costuras que evocan quilts tradicionales.\",\"breadcrumb\":{\"@id\":\"https:\/\/latijerayeldedal.com\/blog\/bolso-de-patchwork\/#breadcrumb\"},\"inLanguage\":\"es\",\"potentialAction\":[{\"@type\":\"ReadAction\",\"target\":[\"https:\/\/latijerayeldedal.com\/blog\/bolso-de-patchwork\/\"]}]},{\"@type\":\"ImageObject\",\"inLanguage\":\"es\",\"@id\":\"https:\/\/latijerayeldedal.com\/blog\/bolso-de-patchwork\/#primaryimage\",\"url\":\"https:\/\/latijerayeldedal.com\/blog\/wp-content\/uploads\/2024\/09\/image-4.jpeg\",\"contentUrl\":\"https:\/\/latijerayeldedal.com\/blog\/wp-content\/uploads\/2024\/09\/image-4.jpeg\",\"width\":640,\"height\":640},{\"@type\":\"BreadcrumbList\",\"@id\":\"https:\/\/latijerayeldedal.com\/blog\/bolso-de-patchwork\/#breadcrumb\",\"itemListElement\":[{\"@type\":\"ListItem\",\"position\":1,\"name\":\"Portada\",\"item\":\"https:\/\/latijerayeldedal.com\/blog\/\"},{\"@type\":\"ListItem\",\"position\":2,\"name\":\"Bolso de patchwork\"}]},{\"@type\":\"WebSite\",\"@id\":\"https:\/\/latijerayeldedal.com\/blog\/#website\",\"url\":\"https:\/\/latijerayeldedal.com\/blog\/\",\"name\":\"El Retroblog de la Tijera y el Dedal\",\"description\":\"El Retroblog de La Tijera y el Dedal revive nuestra historia hasta el 1 de noviembre de 2011, cuando escribimos nuestro primera publicaci\u00f3n. Publicaremos contenido diario que nos llevar\u00e1 atr\u00e1s en el tiempo, recordando momentos, labores y ocurrencias que han ido formado nuestra comunidad. \u00danete a este viaje nost\u00e1lgico de creatividad y recuerdos.\",\"potentialAction\":[{\"@type\":\"SearchAction\",\"target\":{\"@type\":\"EntryPoint\",\"urlTemplate\":\"https:\/\/latijerayeldedal.com\/blog\/?s={search_term_string}\"},\"query-input\":{\"@type\":\"PropertyValueSpecification\",\"valueRequired\":true,\"valueName\":\"search_term_string\"}}],\"inLanguage\":\"es\"},{\"@type\":\"Person\",\"@id\":\"https:\/\/latijerayeldedal.com\/blog\/#\/schema\/person\/5a833ad857bd76f33fc76acba3b3f810\",\"name\":\"latijerayeldedal\",\"image\":{\"@type\":\"ImageObject\",\"inLanguage\":\"es\",\"@id\":\"https:\/\/latijerayeldedal.com\/blog\/#\/schema\/person\/image\/\",\"url\":\"https:\/\/secure.gravatar.com\/avatar\/1ca3b39db033dbb724c1cf5aa644cb7e72c5705ca5972f7ed7afca0805c7b64d?s=96&d=mm&r=g\",\"contentUrl\":\"https:\/\/secure.gravatar.com\/avatar\/1ca3b39db033dbb724c1cf5aa644cb7e72c5705ca5972f7ed7afca0805c7b64d?s=96&d=mm&r=g\",\"caption\":\"latijerayeldedal\"},\"sameAs\":[\"https:\/\/latijerayeldedal.com\/\",\"https:\/\/www.facebook.com\/LaTijerayelDedal\/\",\"https:\/\/www.instagram.com\/latijerayeldedal\/\",\"https:\/\/www.linkedin.com\/company\/la-tijera-y-el-dedal\/\",\"https:\/\/www.pinterest.es\/latijerayeldedal\/\"],\"url\":\"https:\/\/latijerayeldedal.com\/blog\/author\/latijerayeldedal\/\"}]}<\/script>\n<!-- \/ Yoast SEO plugin. -->","yoast_head_json":{"title":"Bolso de patchwork - El Retroblog de la Tijera y el Dedal","description":"Precioso bolso de patchwork hecho por Bel\u00e9n, alumna de La Tijera y el Dedal, con telas combinadas y costuras que evocan quilts tradicionales.","robots":{"index":"noindex","follow":"follow","max-snippet":"max-snippet:-1","max-image-preview":"max-image-preview:large","max-video-preview":"max-video-preview:-1"},"og_locale":"es_ES","og_type":"article","og_title":"Bolso de patchwork - El Retroblog de la Tijera y el Dedal","og_description":"Precioso bolso de patchwork hecho por Bel\u00e9n, alumna de La Tijera y el Dedal, con telas combinadas y costuras que evocan quilts tradicionales.","og_url":"https:\/\/latijerayeldedal.com\/blog\/bolso-de-patchwork\/","og_site_name":"El Retroblog de la Tijera y el Dedal","article_author":"https:\/\/www.facebook.com\/LaTijerayelDedal\/","article_published_time":"2024-09-04T10:02:35+00:00","article_modified_time":"2024-10-28T18:09:07+00:00","og_image":[{"width":640,"height":640,"url":"https:\/\/latijerayeldedal.com\/blog\/wp-content\/uploads\/2024\/09\/image-4.jpeg","type":"image\/jpeg"}],"author":"latijerayeldedal","twitter_card":"summary_large_image","twitter_misc":{"Escrito por":"latijerayeldedal","Tiempo de lectura":"2 minutos"},"schema":{"@context":"https:\/\/schema.org","@graph":[{"@type":"WebPage","@id":"https:\/\/latijerayeldedal.com\/blog\/bolso-de-patchwork\/","url":"https:\/\/latijerayeldedal.com\/blog\/bolso-de-patchwork\/","name":"Bolso de patchwork - El Retroblog de la Tijera y el Dedal","isPartOf":{"@id":"https:\/\/latijerayeldedal.com\/blog\/#website"},"primaryImageOfPage":{"@id":"https:\/\/latijerayeldedal.com\/blog\/bolso-de-patchwork\/#primaryimage"},"image":{"@id":"https:\/\/latijerayeldedal.com\/blog\/bolso-de-patchwork\/#primaryimage"},"thumbnailUrl":"https:\/\/latijerayeldedal.com\/blog\/wp-content\/uploads\/2024\/09\/image-4.jpeg","datePublished":"2024-09-04T10:02:35+00:00","dateModified":"2024-10-28T18:09:07+00:00","author":{"@id":"https:\/\/latijerayeldedal.com\/blog\/#\/schema\/person\/5a833ad857bd76f33fc76acba3b3f810"},"description":"Precioso bolso de patchwork hecho por Bel\u00e9n, alumna de La Tijera y el Dedal, con telas combinadas y costuras que evocan quilts tradicionales.","breadcrumb":{"@id":"https:\/\/latijerayeldedal.com\/blog\/bolso-de-patchwork\/#breadcrumb"},"inLanguage":"es","potentialAction":[{"@type":"ReadAction","target":["https:\/\/latijerayeldedal.com\/blog\/bolso-de-patchwork\/"]}]},{"@type":"ImageObject","inLanguage":"es","@id":"https:\/\/latijerayeldedal.com\/blog\/bolso-de-patchwork\/#primaryimage","url":"https:\/\/latijerayeldedal.com\/blog\/wp-content\/uploads\/2024\/09\/image-4.jpeg","contentUrl":"https:\/\/latijerayeldedal.com\/blog\/wp-content\/uploads\/2024\/09\/image-4.jpeg","width":640,"height":640},{"@type":"BreadcrumbList","@id":"https:\/\/latijerayeldedal.com\/blog\/bolso-de-patchwork\/#breadcrumb","itemListElement":[{"@type":"ListItem","position":1,"name":"Portada","item":"https:\/\/latijerayeldedal.com\/blog\/"},{"@type":"ListItem","position":2,"name":"Bolso de patchwork"}]},{"@type":"WebSite","@id":"https:\/\/latijerayeldedal.com\/blog\/#website","url":"https:\/\/latijerayeldedal.com\/blog\/","name":"El Retroblog de la Tijera y el Dedal","description":"El Retroblog de La Tijera y el Dedal revive nuestra historia hasta el 1 de noviembre de 2011, cuando escribimos nuestro primera publicaci\u00f3n. Publicaremos contenido diario que nos llevar\u00e1 atr\u00e1s en el tiempo, recordando momentos, labores y ocurrencias que han ido formado nuestra comunidad. \u00danete a este viaje nost\u00e1lgico de creatividad y recuerdos.","potentialAction":[{"@type":"SearchAction","target":{"@type":"EntryPoint","urlTemplate":"https:\/\/latijerayeldedal.com\/blog\/?s={search_term_string}"},"query-input":{"@type":"PropertyValueSpecification","valueRequired":true,"valueName":"search_term_string"}}],"inLanguage":"es"},{"@type":"Person","@id":"https:\/\/latijerayeldedal.com\/blog\/#\/schema\/person\/5a833ad857bd76f33fc76acba3b3f810","name":"latijerayeldedal","image":{"@type":"ImageObject","inLanguage":"es","@id":"https:\/\/latijerayeldedal.com\/blog\/#\/schema\/person\/image\/","url":"https:\/\/secure.gravatar.com\/avatar\/1ca3b39db033dbb724c1cf5aa644cb7e72c5705ca5972f7ed7afca0805c7b64d?s=96&d=mm&r=g","contentUrl":"https:\/\/secure.gravatar.com\/avatar\/1ca3b39db033dbb724c1cf5aa644cb7e72c5705ca5972f7ed7afca0805c7b64d?s=96&d=mm&r=g","caption":"latijerayeldedal"},"sameAs":["https:\/\/latijerayeldedal.com\/","https:\/\/www.facebook.com\/LaTijerayelDedal\/","https:\/\/www.instagram.com\/latijerayeldedal\/","https:\/\/www.linkedin.com\/company\/la-tijera-y-el-dedal\/","https:\/\/www.pinterest.es\/latijerayeldedal\/"],"url":"https:\/\/latijerayeldedal.com\/blog\/author\/latijerayeldedal\/"}]}},"_links":{"self":[{"href":"https:\/\/latijerayeldedal.com\/blog\/wp-json\/wp\/v2\/posts\/1056","targetHints":{"allow":["GET"]}}],"collection":[{"href":"https:\/\/latijerayeldedal.com\/blog\/wp-json\/wp\/v2\/posts"}],"about":[{"href":"https:\/\/latijerayeldedal.com\/blog\/wp-json\/wp\/v2\/types\/post"}],"author":[{"embeddable":true,"href":"https:\/\/latijerayeldedal.com\/blog\/wp-json\/wp\/v2\/users\/2"}],"replies":[{"embeddable":true,"href":"https:\/\/latijerayeldedal.com\/blog\/wp-json\/wp\/v2\/comments?post=1056"}],"version-history":[{"count":3,"href":"https:\/\/latijerayeldedal.com\/blog\/wp-json\/wp\/v2\/posts\/1056\/revisions"}],"predecessor-version":[{"id":1239,"href":"https:\/\/latijerayeldedal.com\/blog\/wp-json\/wp\/v2\/posts\/1056\/revisions\/1239"}],"wp:featuredmedia":[{"embeddable":true,"href":"https:\/\/latijerayeldedal.com\/blog\/wp-json\/wp\/v2\/media\/1059"}],"wp:attachment":[{"href":"https:\/\/latijerayeldedal.com\/blog\/wp-json\/wp\/v2\/media?parent=1056"}],"wp:term":[{"taxonomy":"category","embeddable":true,"href":"https:\/\/latijerayeldedal.com\/blog\/wp-json\/wp\/v2\/categories?post=1056"},{"taxonomy":"post_tag","embeddable":true,"href":"https:\/\/latijerayeldedal.com\/blog\/wp-json\/wp\/v2\/tags?post=1056"}],"curies":[{"name":"wp","href":"https:\/\/api.w.org\/{rel}","templated":true}]}}