{"id":1084,"date":"2024-09-19T16:06:16","date_gmt":"2024-09-19T14:06:16","guid":{"rendered":"https:\/\/latijerayeldedal.com\/blog\/?p=1084"},"modified":"2024-10-28T19:13:26","modified_gmt":"2024-10-28T18:13:26","slug":"tecnica-origami","status":"publish","type":"post","link":"https:\/\/latijerayeldedal.com\/blog\/tecnica-origami\/","title":{"rendered":"T\u00e9cnica Origami"},"content":{"rendered":"\n<p>En <strong>La Tijera y el Dedal<\/strong> comenzamos desde ya con los distintos talleres, seminarios y monogr\u00e1ficos que os hemos preparado para esta nueva temporada. El primero de ellos ser\u00e1 este pr\u00f3ximo d\u00eda <strong>17 de octubre<\/strong>, donde os ense\u00f1aremos a realizar proyectos con la <strong>t\u00e9cnica Origami de Patchwork<\/strong>. Aprende esta interesante t\u00e9cnica de origen japon\u00e9s, con la que hacer de las dobleces, bonitas formas.<\/p>\n\n\n\n<p>El horario del curso ser\u00e1 de 10:00 a 14:00 horas, el <strong>s\u00e1bado 17 de octubre<\/strong>. En el precio est\u00e1 incluido todo el material necesario. Ven a nuestra <strong>mercer\u00eda<\/strong> y no te pierdas esta oportunidad de aprender algo nuevo y creativo.<\/p>\n\n\n\n<p>Si&nbsp;t\u00fa&nbsp;quieres&nbsp;<strong>aprender&nbsp;<\/strong>a realizar labores c\u00f3mo esta,&nbsp;<a href=\"https:\/\/latijerayeldedal.com\/content\/6-sobre-nosotras\">ap\u00fantate&nbsp;<\/a>a nuestros cursos y talleres especiales. Visita nuestra&nbsp;<a href=\"https:\/\/www.google.com\/search?gs_ssp=eJzj4tVP1zc0TM7OrkwrSykxYLRSMahIMTG0sDQGQlMDIDC0MqhISjEzTkxNSzVKSjI2SDI38xLJSVQoycxKLUpUqFRIzVFISU1JzAEAMXoWTA&amp;q=la+tijera+y+el+dedal&amp;oq=la+ti&amp;gs_lcrp=EgZjaHJvbWUqFQgBEC4YJxivARjHARiABBiKBRiOBTIPCAAQIxgnGOMCGIAEGIoFMhUIARAuGCcYrwEYxwEYgAQYigUYjgUyBwgCEC4YgAQyBwgDEC4YgAQyBggEEEUYPDIGCAUQRRg8MgYIBhBFGD0yBggHEEUYQdIBCDE5MjBqMGo3qAIAsAIA&amp;sourceid=chrome&amp;ie=UTF-8\">tienda<\/a>&nbsp;o escr\u00edbenos al&nbsp;<strong>Whatsapp&nbsp;<\/strong>o llamando al: <strong>682 237 572<\/strong><br><br>Entrada del 29 de septiembre de 2015 para nuestro <strong>Retroblog<\/strong><\/p>\n\n\n<div class=\"wp-block-image\">\n<figure class=\"aligncenter\"><img decoding=\"async\" src=\"http:\/\/2.bp.blogspot.com\/-bHOw1D9iqz8\/Vgo5dQpaMpI\/AAAAAAAAIKQ\/H6QO2n-R3G4\/s640\/origami.png\" alt=\"T\u00e9cnica Origami\"\/><\/figure>\n<\/div>","protected":false},"excerpt":{"rendered":"<p>En La Tijera y el Dedal comenzamos desde ya con los distintos talleres, seminarios y monogr\u00e1ficos que os hemos preparado para esta nueva temporada. El primero de ellos ser\u00e1 este pr\u00f3ximo d\u00eda 17 de octubre, donde os ense\u00f1aremos a realizar proyectos con la t\u00e9cnica Origami de Patchwork. Aprende esta interesante t\u00e9cnica de origen japon\u00e9s, con [&hellip;]<\/p>\n","protected":false},"author":2,"featured_media":1114,"comment_status":"open","ping_status":"open","sticky":false,"template":"","format":"standard","meta":{"_acf_changed":false,"footnotes":""},"categories":[34,18],"tags":[53,84],"class_list":["post-1084","post","type-post","status-publish","format-standard","has-post-thumbnail","hentry","category-cursos-y-talleres","category-monograficos","tag-cursos-y-talleres","tag-monograficos-2"],"acf":[],"yoast_head":"<!-- This site is optimized with the Yoast SEO plugin v23.5 - https:\/\/yoast.com\/wordpress\/plugins\/seo\/ -->\n<title>T\u00e9cnica Origami - El Retroblog de la Tijera y el Dedal<\/title>\n<meta name=\"description\" content=\"Iniciamos la temporada con un taller de Origami Patchwork el 17 de octubre, de 10:00 a 14:00 h \u00a1No te lo pierdas!\" \/>\n<meta name=\"robots\" content=\"noindex, follow, max-snippet:-1, max-image-preview:large, max-video-preview:-1\" \/>\n<meta property=\"og:locale\" content=\"es_ES\" \/>\n<meta property=\"og:type\" content=\"article\" \/>\n<meta property=\"og:title\" content=\"T\u00e9cnica Origami - El Retroblog de la Tijera y el Dedal\" \/>\n<meta property=\"og:description\" content=\"Iniciamos la temporada con un taller de Origami Patchwork el 17 de octubre, de 10:00 a 14:00 h \u00a1No te lo pierdas!\" \/>\n<meta property=\"og:url\" content=\"https:\/\/latijerayeldedal.com\/blog\/tecnica-origami\/\" \/>\n<meta property=\"og:site_name\" content=\"El Retroblog de la Tijera y el Dedal\" \/>\n<meta property=\"article:author\" content=\"https:\/\/www.facebook.com\/LaTijerayelDedal\/\" \/>\n<meta property=\"article:published_time\" content=\"2024-09-19T14:06:16+00:00\" \/>\n<meta property=\"article:modified_time\" content=\"2024-10-28T18:13:26+00:00\" \/>\n<meta property=\"og:image\" content=\"https:\/\/latijerayeldedal.com\/blog\/wp-content\/uploads\/2024\/09\/origami.png\" \/>\n\t<meta property=\"og:image:width\" content=\"640\" \/>\n\t<meta property=\"og:image:height\" content=\"519\" \/>\n\t<meta property=\"og:image:type\" content=\"image\/png\" \/>\n<meta name=\"author\" content=\"latijerayeldedal\" \/>\n<meta name=\"twitter:card\" content=\"summary_large_image\" \/>\n<meta name=\"twitter:label1\" content=\"Escrito por\" \/>\n\t<meta name=\"twitter:data1\" content=\"latijerayeldedal\" \/>\n\t<meta name=\"twitter:label2\" content=\"Tiempo de lectura\" \/>\n\t<meta name=\"twitter:data2\" content=\"2 minutos\" \/>\n<script type=\"application\/ld+json\" class=\"yoast-schema-graph\">{\"@context\":\"https:\/\/schema.org\",\"@graph\":[{\"@type\":\"WebPage\",\"@id\":\"https:\/\/latijerayeldedal.com\/blog\/tecnica-origami\/\",\"url\":\"https:\/\/latijerayeldedal.com\/blog\/tecnica-origami\/\",\"name\":\"T\u00e9cnica Origami - El Retroblog de la Tijera y el Dedal\",\"isPartOf\":{\"@id\":\"https:\/\/latijerayeldedal.com\/blog\/#website\"},\"primaryImageOfPage\":{\"@id\":\"https:\/\/latijerayeldedal.com\/blog\/tecnica-origami\/#primaryimage\"},\"image\":{\"@id\":\"https:\/\/latijerayeldedal.com\/blog\/tecnica-origami\/#primaryimage\"},\"thumbnailUrl\":\"https:\/\/latijerayeldedal.com\/blog\/wp-content\/uploads\/2024\/09\/origami.png\",\"datePublished\":\"2024-09-19T14:06:16+00:00\",\"dateModified\":\"2024-10-28T18:13:26+00:00\",\"author\":{\"@id\":\"https:\/\/latijerayeldedal.com\/blog\/#\/schema\/person\/5a833ad857bd76f33fc76acba3b3f810\"},\"description\":\"Iniciamos la temporada con un taller de Origami Patchwork el 17 de octubre, de 10:00 a 14:00 h \u00a1No te lo pierdas!\",\"breadcrumb\":{\"@id\":\"https:\/\/latijerayeldedal.com\/blog\/tecnica-origami\/#breadcrumb\"},\"inLanguage\":\"es\",\"potentialAction\":[{\"@type\":\"ReadAction\",\"target\":[\"https:\/\/latijerayeldedal.com\/blog\/tecnica-origami\/\"]}]},{\"@type\":\"ImageObject\",\"inLanguage\":\"es\",\"@id\":\"https:\/\/latijerayeldedal.com\/blog\/tecnica-origami\/#primaryimage\",\"url\":\"https:\/\/latijerayeldedal.com\/blog\/wp-content\/uploads\/2024\/09\/origami.png\",\"contentUrl\":\"https:\/\/latijerayeldedal.com\/blog\/wp-content\/uploads\/2024\/09\/origami.png\",\"width\":640,\"height\":519},{\"@type\":\"BreadcrumbList\",\"@id\":\"https:\/\/latijerayeldedal.com\/blog\/tecnica-origami\/#breadcrumb\",\"itemListElement\":[{\"@type\":\"ListItem\",\"position\":1,\"name\":\"Portada\",\"item\":\"https:\/\/latijerayeldedal.com\/blog\/\"},{\"@type\":\"ListItem\",\"position\":2,\"name\":\"T\u00e9cnica Origami\"}]},{\"@type\":\"WebSite\",\"@id\":\"https:\/\/latijerayeldedal.com\/blog\/#website\",\"url\":\"https:\/\/latijerayeldedal.com\/blog\/\",\"name\":\"El Retroblog de la Tijera y el Dedal\",\"description\":\"El Retroblog de La Tijera y el Dedal revive nuestra historia hasta el 1 de noviembre de 2011, cuando escribimos nuestro primera publicaci\u00f3n. Publicaremos contenido diario que nos llevar\u00e1 atr\u00e1s en el tiempo, recordando momentos, labores y ocurrencias que han ido formado nuestra comunidad. \u00danete a este viaje nost\u00e1lgico de creatividad y recuerdos.\",\"potentialAction\":[{\"@type\":\"SearchAction\",\"target\":{\"@type\":\"EntryPoint\",\"urlTemplate\":\"https:\/\/latijerayeldedal.com\/blog\/?s={search_term_string}\"},\"query-input\":{\"@type\":\"PropertyValueSpecification\",\"valueRequired\":true,\"valueName\":\"search_term_string\"}}],\"inLanguage\":\"es\"},{\"@type\":\"Person\",\"@id\":\"https:\/\/latijerayeldedal.com\/blog\/#\/schema\/person\/5a833ad857bd76f33fc76acba3b3f810\",\"name\":\"latijerayeldedal\",\"image\":{\"@type\":\"ImageObject\",\"inLanguage\":\"es\",\"@id\":\"https:\/\/latijerayeldedal.com\/blog\/#\/schema\/person\/image\/\",\"url\":\"https:\/\/secure.gravatar.com\/avatar\/1ca3b39db033dbb724c1cf5aa644cb7e72c5705ca5972f7ed7afca0805c7b64d?s=96&d=mm&r=g\",\"contentUrl\":\"https:\/\/secure.gravatar.com\/avatar\/1ca3b39db033dbb724c1cf5aa644cb7e72c5705ca5972f7ed7afca0805c7b64d?s=96&d=mm&r=g\",\"caption\":\"latijerayeldedal\"},\"sameAs\":[\"https:\/\/latijerayeldedal.com\/\",\"https:\/\/www.facebook.com\/LaTijerayelDedal\/\",\"https:\/\/www.instagram.com\/latijerayeldedal\/\",\"https:\/\/www.linkedin.com\/company\/la-tijera-y-el-dedal\/\",\"https:\/\/www.pinterest.es\/latijerayeldedal\/\"],\"url\":\"https:\/\/latijerayeldedal.com\/blog\/author\/latijerayeldedal\/\"}]}<\/script>\n<!-- \/ Yoast SEO plugin. -->","yoast_head_json":{"title":"T\u00e9cnica Origami - El Retroblog de la Tijera y el Dedal","description":"Iniciamos la temporada con un taller de Origami Patchwork el 17 de octubre, de 10:00 a 14:00 h \u00a1No te lo pierdas!","robots":{"index":"noindex","follow":"follow","max-snippet":"max-snippet:-1","max-image-preview":"max-image-preview:large","max-video-preview":"max-video-preview:-1"},"og_locale":"es_ES","og_type":"article","og_title":"T\u00e9cnica Origami - El Retroblog de la Tijera y el Dedal","og_description":"Iniciamos la temporada con un taller de Origami Patchwork el 17 de octubre, de 10:00 a 14:00 h \u00a1No te lo pierdas!","og_url":"https:\/\/latijerayeldedal.com\/blog\/tecnica-origami\/","og_site_name":"El Retroblog de la Tijera y el Dedal","article_author":"https:\/\/www.facebook.com\/LaTijerayelDedal\/","article_published_time":"2024-09-19T14:06:16+00:00","article_modified_time":"2024-10-28T18:13:26+00:00","og_image":[{"width":640,"height":519,"url":"https:\/\/latijerayeldedal.com\/blog\/wp-content\/uploads\/2024\/09\/origami.png","type":"image\/png"}],"author":"latijerayeldedal","twitter_card":"summary_large_image","twitter_misc":{"Escrito por":"latijerayeldedal","Tiempo de lectura":"2 minutos"},"schema":{"@context":"https:\/\/schema.org","@graph":[{"@type":"WebPage","@id":"https:\/\/latijerayeldedal.com\/blog\/tecnica-origami\/","url":"https:\/\/latijerayeldedal.com\/blog\/tecnica-origami\/","name":"T\u00e9cnica Origami - El Retroblog de la Tijera y el Dedal","isPartOf":{"@id":"https:\/\/latijerayeldedal.com\/blog\/#website"},"primaryImageOfPage":{"@id":"https:\/\/latijerayeldedal.com\/blog\/tecnica-origami\/#primaryimage"},"image":{"@id":"https:\/\/latijerayeldedal.com\/blog\/tecnica-origami\/#primaryimage"},"thumbnailUrl":"https:\/\/latijerayeldedal.com\/blog\/wp-content\/uploads\/2024\/09\/origami.png","datePublished":"2024-09-19T14:06:16+00:00","dateModified":"2024-10-28T18:13:26+00:00","author":{"@id":"https:\/\/latijerayeldedal.com\/blog\/#\/schema\/person\/5a833ad857bd76f33fc76acba3b3f810"},"description":"Iniciamos la temporada con un taller de Origami Patchwork el 17 de octubre, de 10:00 a 14:00 h \u00a1No te lo pierdas!","breadcrumb":{"@id":"https:\/\/latijerayeldedal.com\/blog\/tecnica-origami\/#breadcrumb"},"inLanguage":"es","potentialAction":[{"@type":"ReadAction","target":["https:\/\/latijerayeldedal.com\/blog\/tecnica-origami\/"]}]},{"@type":"ImageObject","inLanguage":"es","@id":"https:\/\/latijerayeldedal.com\/blog\/tecnica-origami\/#primaryimage","url":"https:\/\/latijerayeldedal.com\/blog\/wp-content\/uploads\/2024\/09\/origami.png","contentUrl":"https:\/\/latijerayeldedal.com\/blog\/wp-content\/uploads\/2024\/09\/origami.png","width":640,"height":519},{"@type":"BreadcrumbList","@id":"https:\/\/latijerayeldedal.com\/blog\/tecnica-origami\/#breadcrumb","itemListElement":[{"@type":"ListItem","position":1,"name":"Portada","item":"https:\/\/latijerayeldedal.com\/blog\/"},{"@type":"ListItem","position":2,"name":"T\u00e9cnica Origami"}]},{"@type":"WebSite","@id":"https:\/\/latijerayeldedal.com\/blog\/#website","url":"https:\/\/latijerayeldedal.com\/blog\/","name":"El Retroblog de la Tijera y el Dedal","description":"El Retroblog de La Tijera y el Dedal revive nuestra historia hasta el 1 de noviembre de 2011, cuando escribimos nuestro primera publicaci\u00f3n. Publicaremos contenido diario que nos llevar\u00e1 atr\u00e1s en el tiempo, recordando momentos, labores y ocurrencias que han ido formado nuestra comunidad. \u00danete a este viaje nost\u00e1lgico de creatividad y recuerdos.","potentialAction":[{"@type":"SearchAction","target":{"@type":"EntryPoint","urlTemplate":"https:\/\/latijerayeldedal.com\/blog\/?s={search_term_string}"},"query-input":{"@type":"PropertyValueSpecification","valueRequired":true,"valueName":"search_term_string"}}],"inLanguage":"es"},{"@type":"Person","@id":"https:\/\/latijerayeldedal.com\/blog\/#\/schema\/person\/5a833ad857bd76f33fc76acba3b3f810","name":"latijerayeldedal","image":{"@type":"ImageObject","inLanguage":"es","@id":"https:\/\/latijerayeldedal.com\/blog\/#\/schema\/person\/image\/","url":"https:\/\/secure.gravatar.com\/avatar\/1ca3b39db033dbb724c1cf5aa644cb7e72c5705ca5972f7ed7afca0805c7b64d?s=96&d=mm&r=g","contentUrl":"https:\/\/secure.gravatar.com\/avatar\/1ca3b39db033dbb724c1cf5aa644cb7e72c5705ca5972f7ed7afca0805c7b64d?s=96&d=mm&r=g","caption":"latijerayeldedal"},"sameAs":["https:\/\/latijerayeldedal.com\/","https:\/\/www.facebook.com\/LaTijerayelDedal\/","https:\/\/www.instagram.com\/latijerayeldedal\/","https:\/\/www.linkedin.com\/company\/la-tijera-y-el-dedal\/","https:\/\/www.pinterest.es\/latijerayeldedal\/"],"url":"https:\/\/latijerayeldedal.com\/blog\/author\/latijerayeldedal\/"}]}},"_links":{"self":[{"href":"https:\/\/latijerayeldedal.com\/blog\/wp-json\/wp\/v2\/posts\/1084","targetHints":{"allow":["GET"]}}],"collection":[{"href":"https:\/\/latijerayeldedal.com\/blog\/wp-json\/wp\/v2\/posts"}],"about":[{"href":"https:\/\/latijerayeldedal.com\/blog\/wp-json\/wp\/v2\/types\/post"}],"author":[{"embeddable":true,"href":"https:\/\/latijerayeldedal.com\/blog\/wp-json\/wp\/v2\/users\/2"}],"replies":[{"embeddable":true,"href":"https:\/\/latijerayeldedal.com\/blog\/wp-json\/wp\/v2\/comments?post=1084"}],"version-history":[{"count":3,"href":"https:\/\/latijerayeldedal.com\/blog\/wp-json\/wp\/v2\/posts\/1084\/revisions"}],"predecessor-version":[{"id":1248,"href":"https:\/\/latijerayeldedal.com\/blog\/wp-json\/wp\/v2\/posts\/1084\/revisions\/1248"}],"wp:featuredmedia":[{"embeddable":true,"href":"https:\/\/latijerayeldedal.com\/blog\/wp-json\/wp\/v2\/media\/1114"}],"wp:attachment":[{"href":"https:\/\/latijerayeldedal.com\/blog\/wp-json\/wp\/v2\/media?parent=1084"}],"wp:term":[{"taxonomy":"category","embeddable":true,"href":"https:\/\/latijerayeldedal.com\/blog\/wp-json\/wp\/v2\/categories?post=1084"},{"taxonomy":"post_tag","embeddable":true,"href":"https:\/\/latijerayeldedal.com\/blog\/wp-json\/wp\/v2\/tags?post=1084"}],"curies":[{"name":"wp","href":"https:\/\/api.w.org\/{rel}","templated":true}]}}