{"id":1123,"date":"2024-09-26T12:03:10","date_gmt":"2024-09-26T10:03:10","guid":{"rendered":"https:\/\/latijerayeldedal.com\/blog\/?p=1123"},"modified":"2024-10-28T19:23:29","modified_gmt":"2024-10-28T18:23:29","slug":"munecas-rusas","status":"publish","type":"post","link":"https:\/\/latijerayeldedal.com\/blog\/munecas-rusas\/","title":{"rendered":"Mu\u00f1ecas rusas"},"content":{"rendered":"\n<p>En la mercer\u00eda <strong>La Tijera y el Dedal<\/strong> os hemos preparado un <strong>taller<\/strong> que os va a encantar. En esta ocasi\u00f3n, aprender\u00e9is a crear preciosas <strong>mu\u00f1ecas de Patchwork<\/strong>, una labor que est\u00e1 muy de moda \u00faltimamente. Estas mu\u00f1ecas, de unos <strong>50 cent\u00edmetros<\/strong>, se confeccionan con una t\u00e9cnica de <strong>relleno<\/strong> y <strong>costura<\/strong> especial, que las hace \u00fanicas y encantadoras.<\/p>\n\n\n\n<p>Lo mejor de estas mu\u00f1ecas de <strong>patchwork<\/strong> es que los <strong>patrones<\/strong> son infinitos, permiti\u00e9ndoos dise\u00f1ar vestidos, accesorios, bolsos, gorros y esos enormes piececitos que las hacen tan especiales. Cada mu\u00f1eca es totalmente \u00fanica y puede personalizarse a vuestro gusto, incluso representando a alguien conocido. El pelo, adem\u00e1s, es espec\u00edfico para este tipo de <strong>mu\u00f1ecas delicadas y tiernas<\/strong>.<\/p>\n\n\n\n<p>El <strong>taller<\/strong> se llevar\u00e1 a cabo de <strong>10:00 a 18:00 horas<\/strong>, ya que aprender esta t\u00e9cnica requiere su tiempo. Incluimos todo el material necesario para que teng\u00e1is una experiencia completa en una sola sesi\u00f3n. Haremos una pausa para comer (comida no incluida). Contar\u00e9is con dos oportunidades para realizar el taller, los <strong>s\u00e1bados 9 y 16 de mayo<\/strong>. Las plazas son limitadas, \u00a1as\u00ed que asegura tu sitio cuanto antes!<\/p>\n\n\n\n<p>Si&nbsp;t\u00fa&nbsp;quieres&nbsp;<strong>aprender&nbsp;<\/strong>a realizar labores c\u00f3mo esta,&nbsp;<a href=\"https:\/\/latijerayeldedal.com\/content\/6-sobre-nosotras\">ap\u00fantate&nbsp;<\/a>a nuestros cursos y talleres especiales. Visita nuestra&nbsp;<a href=\"https:\/\/www.google.com\/search?gs_ssp=eJzj4tVP1zc0TM7OrkwrSykxYLRSMahIMTG0sDQGQlMDIDC0MqhISjEzTkxNSzVKSjI2SDI38xLJSVQoycxKLUpUqFRIzVFISU1JzAEAMXoWTA&amp;q=la+tijera+y+el+dedal&amp;oq=la+ti&amp;gs_lcrp=EgZjaHJvbWUqFQgBEC4YJxivARjHARiABBiKBRiOBTIPCAAQIxgnGOMCGIAEGIoFMhUIARAuGCcYrwEYxwEYgAQYigUYjgUyBwgCEC4YgAQyBwgDEC4YgAQyBggEEEUYPDIGCAUQRRg8MgYIBhBFGD0yBggHEEUYQdIBCDE5MjBqMGo3qAIAsAIA&amp;sourceid=chrome&amp;ie=UTF-8\">tienda<\/a>&nbsp;o escr\u00edbenos al&nbsp;<strong>Whatsapp&nbsp;<\/strong>o llamando al: <strong>682 237 572<\/strong><br><br>Entrada del 21 de abril de 2015 para nuestro <strong>Retroblog<\/strong><\/p>\n\n\n<div class=\"wp-block-image\">\n<figure class=\"aligncenter\"><img decoding=\"async\" src=\"http:\/\/1.bp.blogspot.com\/-Yw0U5R_snw0\/VTYxG0w3-wI\/AAAAAAAAIE8\/eF2MDcGIIxM\/s1600\/IMG_7329_redux%2Bcopia.jpg\" alt=\"Mu\u00f1ecas rusas\"\/><\/figure>\n<\/div>\n\n<div class=\"wp-block-image\">\n<figure class=\"aligncenter\"><img decoding=\"async\" src=\"http:\/\/2.bp.blogspot.com\/-QyGCb4W7K0Y\/VTYxMD83l6I\/AAAAAAAAIFE\/GxfgrLPhrJQ\/s1600\/IMG_7331.JPG\" alt=\"Mu\u00f1ecas rusas\"\/><\/figure>\n<\/div>","protected":false},"excerpt":{"rendered":"<p>En la mercer\u00eda La Tijera y el Dedal os hemos preparado un taller que os va a encantar. En esta ocasi\u00f3n, aprender\u00e9is a crear preciosas mu\u00f1ecas de Patchwork, una labor que est\u00e1 muy de moda \u00faltimamente. Estas mu\u00f1ecas, de unos 50 cent\u00edmetros, se confeccionan con una t\u00e9cnica de relleno y costura especial, que las hace [&hellip;]<\/p>\n","protected":false},"author":2,"featured_media":1124,"comment_status":"open","ping_status":"open","sticky":false,"template":"","format":"standard","meta":{"_acf_changed":false,"footnotes":""},"categories":[64,34,18,35],"tags":[75,53,84,40],"class_list":["post-1123","post","type-post","status-publish","format-standard","has-post-thumbnail","hentry","category-amigurumis","category-cursos-y-talleres","category-monograficos","category-patchwork","tag-amigurumis","tag-cursos-y-talleres","tag-monograficos-2","tag-patchwork"],"acf":[],"yoast_head":"<!-- This site is optimized with the Yoast SEO plugin v23.5 - https:\/\/yoast.com\/wordpress\/plugins\/seo\/ -->\n<title>Mu\u00f1ecas rusas - El Retroblog de la Tijera y el Dedal<\/title>\n<meta name=\"description\" content=\"Taller de mu\u00f1ecas rusas de patchwork en La Tijera y el Dedal. Crea mu\u00f1ecas de 50 cm, personalizables con accesorios \u00fanicos. \u00a1Te encantar\u00e1!\" \/>\n<meta name=\"robots\" content=\"noindex, follow, max-snippet:-1, max-image-preview:large, max-video-preview:-1\" \/>\n<meta property=\"og:locale\" content=\"es_ES\" \/>\n<meta property=\"og:type\" content=\"article\" \/>\n<meta property=\"og:title\" content=\"Mu\u00f1ecas rusas - El Retroblog de la Tijera y el Dedal\" \/>\n<meta property=\"og:description\" content=\"Taller de mu\u00f1ecas rusas de patchwork en La Tijera y el Dedal. Crea mu\u00f1ecas de 50 cm, personalizables con accesorios \u00fanicos. \u00a1Te encantar\u00e1!\" \/>\n<meta property=\"og:url\" content=\"https:\/\/latijerayeldedal.com\/blog\/munecas-rusas\/\" \/>\n<meta property=\"og:site_name\" content=\"El Retroblog de la Tijera y el Dedal\" \/>\n<meta property=\"article:author\" content=\"https:\/\/www.facebook.com\/LaTijerayelDedal\/\" \/>\n<meta property=\"article:published_time\" content=\"2024-09-26T10:03:10+00:00\" \/>\n<meta property=\"article:modified_time\" content=\"2024-10-28T18:23:29+00:00\" \/>\n<meta property=\"og:image\" content=\"https:\/\/latijerayeldedal.com\/blog\/wp-content\/uploads\/2024\/09\/IMG_7329_redux-copia.jpg\" \/>\n\t<meta property=\"og:image:width\" content=\"1076\" \/>\n\t<meta property=\"og:image:height\" content=\"1600\" \/>\n\t<meta property=\"og:image:type\" content=\"image\/jpeg\" \/>\n<meta name=\"author\" content=\"latijerayeldedal\" \/>\n<meta name=\"twitter:card\" content=\"summary_large_image\" \/>\n<meta name=\"twitter:label1\" content=\"Escrito por\" \/>\n\t<meta name=\"twitter:data1\" content=\"latijerayeldedal\" \/>\n\t<meta name=\"twitter:label2\" content=\"Tiempo de lectura\" \/>\n\t<meta name=\"twitter:data2\" content=\"2 minutos\" \/>\n<script type=\"application\/ld+json\" class=\"yoast-schema-graph\">{\"@context\":\"https:\/\/schema.org\",\"@graph\":[{\"@type\":\"WebPage\",\"@id\":\"https:\/\/latijerayeldedal.com\/blog\/munecas-rusas\/\",\"url\":\"https:\/\/latijerayeldedal.com\/blog\/munecas-rusas\/\",\"name\":\"Mu\u00f1ecas rusas - El Retroblog de la Tijera y el Dedal\",\"isPartOf\":{\"@id\":\"https:\/\/latijerayeldedal.com\/blog\/#website\"},\"primaryImageOfPage\":{\"@id\":\"https:\/\/latijerayeldedal.com\/blog\/munecas-rusas\/#primaryimage\"},\"image\":{\"@id\":\"https:\/\/latijerayeldedal.com\/blog\/munecas-rusas\/#primaryimage\"},\"thumbnailUrl\":\"https:\/\/latijerayeldedal.com\/blog\/wp-content\/uploads\/2024\/09\/IMG_7329_redux-copia.jpg\",\"datePublished\":\"2024-09-26T10:03:10+00:00\",\"dateModified\":\"2024-10-28T18:23:29+00:00\",\"author\":{\"@id\":\"https:\/\/latijerayeldedal.com\/blog\/#\/schema\/person\/5a833ad857bd76f33fc76acba3b3f810\"},\"description\":\"Taller de mu\u00f1ecas rusas de patchwork en La Tijera y el Dedal. Crea mu\u00f1ecas de 50 cm, personalizables con accesorios \u00fanicos. \u00a1Te encantar\u00e1!\",\"breadcrumb\":{\"@id\":\"https:\/\/latijerayeldedal.com\/blog\/munecas-rusas\/#breadcrumb\"},\"inLanguage\":\"es\",\"potentialAction\":[{\"@type\":\"ReadAction\",\"target\":[\"https:\/\/latijerayeldedal.com\/blog\/munecas-rusas\/\"]}]},{\"@type\":\"ImageObject\",\"inLanguage\":\"es\",\"@id\":\"https:\/\/latijerayeldedal.com\/blog\/munecas-rusas\/#primaryimage\",\"url\":\"https:\/\/latijerayeldedal.com\/blog\/wp-content\/uploads\/2024\/09\/IMG_7329_redux-copia.jpg\",\"contentUrl\":\"https:\/\/latijerayeldedal.com\/blog\/wp-content\/uploads\/2024\/09\/IMG_7329_redux-copia.jpg\",\"width\":1076,\"height\":1600},{\"@type\":\"BreadcrumbList\",\"@id\":\"https:\/\/latijerayeldedal.com\/blog\/munecas-rusas\/#breadcrumb\",\"itemListElement\":[{\"@type\":\"ListItem\",\"position\":1,\"name\":\"Portada\",\"item\":\"https:\/\/latijerayeldedal.com\/blog\/\"},{\"@type\":\"ListItem\",\"position\":2,\"name\":\"Mu\u00f1ecas rusas\"}]},{\"@type\":\"WebSite\",\"@id\":\"https:\/\/latijerayeldedal.com\/blog\/#website\",\"url\":\"https:\/\/latijerayeldedal.com\/blog\/\",\"name\":\"El Retroblog de la Tijera y el Dedal\",\"description\":\"El Retroblog de La Tijera y el Dedal revive nuestra historia hasta el 1 de noviembre de 2011, cuando escribimos nuestro primera publicaci\u00f3n. Publicaremos contenido diario que nos llevar\u00e1 atr\u00e1s en el tiempo, recordando momentos, labores y ocurrencias que han ido formado nuestra comunidad. \u00danete a este viaje nost\u00e1lgico de creatividad y recuerdos.\",\"potentialAction\":[{\"@type\":\"SearchAction\",\"target\":{\"@type\":\"EntryPoint\",\"urlTemplate\":\"https:\/\/latijerayeldedal.com\/blog\/?s={search_term_string}\"},\"query-input\":{\"@type\":\"PropertyValueSpecification\",\"valueRequired\":true,\"valueName\":\"search_term_string\"}}],\"inLanguage\":\"es\"},{\"@type\":\"Person\",\"@id\":\"https:\/\/latijerayeldedal.com\/blog\/#\/schema\/person\/5a833ad857bd76f33fc76acba3b3f810\",\"name\":\"latijerayeldedal\",\"image\":{\"@type\":\"ImageObject\",\"inLanguage\":\"es\",\"@id\":\"https:\/\/latijerayeldedal.com\/blog\/#\/schema\/person\/image\/\",\"url\":\"https:\/\/secure.gravatar.com\/avatar\/1ca3b39db033dbb724c1cf5aa644cb7e72c5705ca5972f7ed7afca0805c7b64d?s=96&d=mm&r=g\",\"contentUrl\":\"https:\/\/secure.gravatar.com\/avatar\/1ca3b39db033dbb724c1cf5aa644cb7e72c5705ca5972f7ed7afca0805c7b64d?s=96&d=mm&r=g\",\"caption\":\"latijerayeldedal\"},\"sameAs\":[\"https:\/\/latijerayeldedal.com\/\",\"https:\/\/www.facebook.com\/LaTijerayelDedal\/\",\"https:\/\/www.instagram.com\/latijerayeldedal\/\",\"https:\/\/www.linkedin.com\/company\/la-tijera-y-el-dedal\/\",\"https:\/\/www.pinterest.es\/latijerayeldedal\/\"],\"url\":\"https:\/\/latijerayeldedal.com\/blog\/author\/latijerayeldedal\/\"}]}<\/script>\n<!-- \/ Yoast SEO plugin. -->","yoast_head_json":{"title":"Mu\u00f1ecas rusas - El Retroblog de la Tijera y el Dedal","description":"Taller de mu\u00f1ecas rusas de patchwork en La Tijera y el Dedal. Crea mu\u00f1ecas de 50 cm, personalizables con accesorios \u00fanicos. \u00a1Te encantar\u00e1!","robots":{"index":"noindex","follow":"follow","max-snippet":"max-snippet:-1","max-image-preview":"max-image-preview:large","max-video-preview":"max-video-preview:-1"},"og_locale":"es_ES","og_type":"article","og_title":"Mu\u00f1ecas rusas - El Retroblog de la Tijera y el Dedal","og_description":"Taller de mu\u00f1ecas rusas de patchwork en La Tijera y el Dedal. Crea mu\u00f1ecas de 50 cm, personalizables con accesorios \u00fanicos. \u00a1Te encantar\u00e1!","og_url":"https:\/\/latijerayeldedal.com\/blog\/munecas-rusas\/","og_site_name":"El Retroblog de la Tijera y el Dedal","article_author":"https:\/\/www.facebook.com\/LaTijerayelDedal\/","article_published_time":"2024-09-26T10:03:10+00:00","article_modified_time":"2024-10-28T18:23:29+00:00","og_image":[{"width":1076,"height":1600,"url":"https:\/\/latijerayeldedal.com\/blog\/wp-content\/uploads\/2024\/09\/IMG_7329_redux-copia.jpg","type":"image\/jpeg"}],"author":"latijerayeldedal","twitter_card":"summary_large_image","twitter_misc":{"Escrito por":"latijerayeldedal","Tiempo de lectura":"2 minutos"},"schema":{"@context":"https:\/\/schema.org","@graph":[{"@type":"WebPage","@id":"https:\/\/latijerayeldedal.com\/blog\/munecas-rusas\/","url":"https:\/\/latijerayeldedal.com\/blog\/munecas-rusas\/","name":"Mu\u00f1ecas rusas - El Retroblog de la Tijera y el Dedal","isPartOf":{"@id":"https:\/\/latijerayeldedal.com\/blog\/#website"},"primaryImageOfPage":{"@id":"https:\/\/latijerayeldedal.com\/blog\/munecas-rusas\/#primaryimage"},"image":{"@id":"https:\/\/latijerayeldedal.com\/blog\/munecas-rusas\/#primaryimage"},"thumbnailUrl":"https:\/\/latijerayeldedal.com\/blog\/wp-content\/uploads\/2024\/09\/IMG_7329_redux-copia.jpg","datePublished":"2024-09-26T10:03:10+00:00","dateModified":"2024-10-28T18:23:29+00:00","author":{"@id":"https:\/\/latijerayeldedal.com\/blog\/#\/schema\/person\/5a833ad857bd76f33fc76acba3b3f810"},"description":"Taller de mu\u00f1ecas rusas de patchwork en La Tijera y el Dedal. Crea mu\u00f1ecas de 50 cm, personalizables con accesorios \u00fanicos. \u00a1Te encantar\u00e1!","breadcrumb":{"@id":"https:\/\/latijerayeldedal.com\/blog\/munecas-rusas\/#breadcrumb"},"inLanguage":"es","potentialAction":[{"@type":"ReadAction","target":["https:\/\/latijerayeldedal.com\/blog\/munecas-rusas\/"]}]},{"@type":"ImageObject","inLanguage":"es","@id":"https:\/\/latijerayeldedal.com\/blog\/munecas-rusas\/#primaryimage","url":"https:\/\/latijerayeldedal.com\/blog\/wp-content\/uploads\/2024\/09\/IMG_7329_redux-copia.jpg","contentUrl":"https:\/\/latijerayeldedal.com\/blog\/wp-content\/uploads\/2024\/09\/IMG_7329_redux-copia.jpg","width":1076,"height":1600},{"@type":"BreadcrumbList","@id":"https:\/\/latijerayeldedal.com\/blog\/munecas-rusas\/#breadcrumb","itemListElement":[{"@type":"ListItem","position":1,"name":"Portada","item":"https:\/\/latijerayeldedal.com\/blog\/"},{"@type":"ListItem","position":2,"name":"Mu\u00f1ecas rusas"}]},{"@type":"WebSite","@id":"https:\/\/latijerayeldedal.com\/blog\/#website","url":"https:\/\/latijerayeldedal.com\/blog\/","name":"El Retroblog de la Tijera y el Dedal","description":"El Retroblog de La Tijera y el Dedal revive nuestra historia hasta el 1 de noviembre de 2011, cuando escribimos nuestro primera publicaci\u00f3n. Publicaremos contenido diario que nos llevar\u00e1 atr\u00e1s en el tiempo, recordando momentos, labores y ocurrencias que han ido formado nuestra comunidad. \u00danete a este viaje nost\u00e1lgico de creatividad y recuerdos.","potentialAction":[{"@type":"SearchAction","target":{"@type":"EntryPoint","urlTemplate":"https:\/\/latijerayeldedal.com\/blog\/?s={search_term_string}"},"query-input":{"@type":"PropertyValueSpecification","valueRequired":true,"valueName":"search_term_string"}}],"inLanguage":"es"},{"@type":"Person","@id":"https:\/\/latijerayeldedal.com\/blog\/#\/schema\/person\/5a833ad857bd76f33fc76acba3b3f810","name":"latijerayeldedal","image":{"@type":"ImageObject","inLanguage":"es","@id":"https:\/\/latijerayeldedal.com\/blog\/#\/schema\/person\/image\/","url":"https:\/\/secure.gravatar.com\/avatar\/1ca3b39db033dbb724c1cf5aa644cb7e72c5705ca5972f7ed7afca0805c7b64d?s=96&d=mm&r=g","contentUrl":"https:\/\/secure.gravatar.com\/avatar\/1ca3b39db033dbb724c1cf5aa644cb7e72c5705ca5972f7ed7afca0805c7b64d?s=96&d=mm&r=g","caption":"latijerayeldedal"},"sameAs":["https:\/\/latijerayeldedal.com\/","https:\/\/www.facebook.com\/LaTijerayelDedal\/","https:\/\/www.instagram.com\/latijerayeldedal\/","https:\/\/www.linkedin.com\/company\/la-tijera-y-el-dedal\/","https:\/\/www.pinterest.es\/latijerayeldedal\/"],"url":"https:\/\/latijerayeldedal.com\/blog\/author\/latijerayeldedal\/"}]}},"_links":{"self":[{"href":"https:\/\/latijerayeldedal.com\/blog\/wp-json\/wp\/v2\/posts\/1123","targetHints":{"allow":["GET"]}}],"collection":[{"href":"https:\/\/latijerayeldedal.com\/blog\/wp-json\/wp\/v2\/posts"}],"about":[{"href":"https:\/\/latijerayeldedal.com\/blog\/wp-json\/wp\/v2\/types\/post"}],"author":[{"embeddable":true,"href":"https:\/\/latijerayeldedal.com\/blog\/wp-json\/wp\/v2\/users\/2"}],"replies":[{"embeddable":true,"href":"https:\/\/latijerayeldedal.com\/blog\/wp-json\/wp\/v2\/comments?post=1123"}],"version-history":[{"count":2,"href":"https:\/\/latijerayeldedal.com\/blog\/wp-json\/wp\/v2\/posts\/1123\/revisions"}],"predecessor-version":[{"id":1253,"href":"https:\/\/latijerayeldedal.com\/blog\/wp-json\/wp\/v2\/posts\/1123\/revisions\/1253"}],"wp:featuredmedia":[{"embeddable":true,"href":"https:\/\/latijerayeldedal.com\/blog\/wp-json\/wp\/v2\/media\/1124"}],"wp:attachment":[{"href":"https:\/\/latijerayeldedal.com\/blog\/wp-json\/wp\/v2\/media?parent=1123"}],"wp:term":[{"taxonomy":"category","embeddable":true,"href":"https:\/\/latijerayeldedal.com\/blog\/wp-json\/wp\/v2\/categories?post=1123"},{"taxonomy":"post_tag","embeddable":true,"href":"https:\/\/latijerayeldedal.com\/blog\/wp-json\/wp\/v2\/tags?post=1123"}],"curies":[{"name":"wp","href":"https:\/\/api.w.org\/{rel}","templated":true}]}}