{"id":1129,"date":"2024-09-30T11:07:20","date_gmt":"2024-09-30T09:07:20","guid":{"rendered":"https:\/\/latijerayeldedal.com\/blog\/?p=1129"},"modified":"2024-10-28T19:25:10","modified_gmt":"2024-10-28T18:25:10","slug":"colcha-rinske-stevens","status":"publish","type":"post","link":"https:\/\/latijerayeldedal.com\/blog\/colcha-rinske-stevens\/","title":{"rendered":"Colcha\u00a0Rinske Stevens"},"content":{"rendered":"\n<p>En la mercer\u00eda <strong>La Tijera y el Dedal<\/strong> hemos tenido expuesto estos \u00faltimos d\u00edas este precioso proyecto de <strong>Patchwork<\/strong> realizado por Maite. Se trata de una <strong>colcha Rinske Stevens<\/strong>, un conjunto maravilloso de bloques que se van creando de forma tem\u00e1tica mes a mes para formar un <strong>quilt<\/strong> completo o para exponerlos de forma individual. Cada bloque presenta una encantadora mu\u00f1eca que le da un toque especial.<\/p>\n\n\n\n<p>Este tipo de <strong>labores de Patchwork<\/strong> es una de las m\u00e1s cl\u00e1sicas y queridas en el mundo de la <strong>costura<\/strong>. Si eres una amante del <strong>Patchwork<\/strong> y quieres descubrir proyectos \u00fanicos como este, no dudes en visitarnos en la mercer\u00eda <strong>La Tijera y el Dedal<\/strong>.<\/p>\n\n\n\n<p>Si&nbsp;t\u00fa&nbsp;quieres&nbsp;<strong>aprender&nbsp;<\/strong>a realizar labores c\u00f3mo esta,&nbsp;<a href=\"https:\/\/latijerayeldedal.com\/content\/6-sobre-nosotras\">ap\u00fantate&nbsp;<\/a>a nuestros cursos y talleres especiales. Visita nuestra&nbsp;<a href=\"https:\/\/www.google.com\/search?gs_ssp=eJzj4tVP1zc0TM7OrkwrSykxYLRSMahIMTG0sDQGQlMDIDC0MqhISjEzTkxNSzVKSjI2SDI38xLJSVQoycxKLUpUqFRIzVFISU1JzAEAMXoWTA&amp;q=la+tijera+y+el+dedal&amp;oq=la+ti&amp;gs_lcrp=EgZjaHJvbWUqFQgBEC4YJxivARjHARiABBiKBRiOBTIPCAAQIxgnGOMCGIAEGIoFMhUIARAuGCcYrwEYxwEYgAQYigUYjgUyBwgCEC4YgAQyBwgDEC4YgAQyBggEEEUYPDIGCAUQRRg8MgYIBhBFGD0yBggHEEUYQdIBCDE5MjBqMGo3qAIAsAIA&amp;sourceid=chrome&amp;ie=UTF-8\">tienda<\/a>&nbsp;o escr\u00edbenos al&nbsp;<strong>Whatsapp&nbsp;<\/strong>o llamando al: <strong>682 237 572<\/strong><br><br>Entrada del 9 de abril de 2015 para nuestro <strong>Retroblog<\/strong><\/p>\n\n\n\n<figure class=\"wp-block-image\"><img decoding=\"async\" src=\"http:\/\/4.bp.blogspot.com\/-EqgzWjbkG5I\/VSbyv6TmpuI\/AAAAAAAAICk\/lbVnUk9NdDA\/s1600\/DSC_9539.JPG\" alt=\"Colcha Rinske Stevens\"\/><\/figure>\n","protected":false},"excerpt":{"rendered":"<p>En la mercer\u00eda La Tijera y el Dedal hemos tenido expuesto estos \u00faltimos d\u00edas este precioso proyecto de Patchwork realizado por Maite. Se trata de una colcha Rinske Stevens, un conjunto maravilloso de bloques que se van creando de forma tem\u00e1tica mes a mes para formar un quilt completo o para exponerlos de forma individual. [&hellip;]<\/p>\n","protected":false},"author":2,"featured_media":1130,"comment_status":"open","ping_status":"open","sticky":false,"template":"","format":"standard","meta":{"_acf_changed":false,"footnotes":""},"categories":[59,62,26,35],"tags":[80,65,53,27,40],"class_list":["post-1129","post","type-post","status-publish","format-standard","has-post-thumbnail","hentry","category-colchas","category-costura-creativa","category-handmade","category-patchwork","tag-colchas","tag-costura-creativa","tag-cursos-y-talleres","tag-handmade","tag-patchwork"],"acf":[],"yoast_head":"<!-- This site is optimized with the Yoast SEO plugin v23.5 - https:\/\/yoast.com\/wordpress\/plugins\/seo\/ -->\n<title>Colcha\u00a0Rinske Stevens - El Retroblog de la Tijera y el Dedal<\/title>\n<meta name=\"description\" content=\"En La Tijera y el Dedal, Maite ha creado una hermosa colcha Rinske Stevens, con bloques tem\u00e1ticos y mu\u00f1ecas. \u00a1Un cl\u00e1sico del patchwork!\" \/>\n<meta name=\"robots\" content=\"noindex, follow, max-snippet:-1, max-image-preview:large, max-video-preview:-1\" \/>\n<meta property=\"og:locale\" content=\"es_ES\" \/>\n<meta property=\"og:type\" content=\"article\" \/>\n<meta property=\"og:title\" content=\"Colcha\u00a0Rinske Stevens - El Retroblog de la Tijera y el Dedal\" \/>\n<meta property=\"og:description\" content=\"En La Tijera y el Dedal, Maite ha creado una hermosa colcha Rinske Stevens, con bloques tem\u00e1ticos y mu\u00f1ecas. \u00a1Un cl\u00e1sico del patchwork!\" \/>\n<meta property=\"og:url\" content=\"https:\/\/latijerayeldedal.com\/blog\/colcha-rinske-stevens\/\" \/>\n<meta property=\"og:site_name\" content=\"El Retroblog de la Tijera y el Dedal\" \/>\n<meta property=\"article:author\" content=\"https:\/\/www.facebook.com\/LaTijerayelDedal\/\" \/>\n<meta property=\"article:published_time\" content=\"2024-09-30T09:07:20+00:00\" \/>\n<meta property=\"article:modified_time\" content=\"2024-10-28T18:25:10+00:00\" \/>\n<meta property=\"og:image\" content=\"https:\/\/latijerayeldedal.com\/blog\/wp-content\/uploads\/2024\/09\/DSC_9539.jpg\" \/>\n\t<meta property=\"og:image:width\" content=\"945\" \/>\n\t<meta property=\"og:image:height\" content=\"1600\" \/>\n\t<meta property=\"og:image:type\" content=\"image\/jpeg\" \/>\n<meta name=\"author\" content=\"latijerayeldedal\" \/>\n<meta name=\"twitter:card\" content=\"summary_large_image\" \/>\n<meta name=\"twitter:label1\" content=\"Escrito por\" \/>\n\t<meta name=\"twitter:data1\" content=\"latijerayeldedal\" \/>\n\t<meta name=\"twitter:label2\" content=\"Tiempo de lectura\" \/>\n\t<meta name=\"twitter:data2\" content=\"2 minutos\" \/>\n<script type=\"application\/ld+json\" class=\"yoast-schema-graph\">{\"@context\":\"https:\/\/schema.org\",\"@graph\":[{\"@type\":\"WebPage\",\"@id\":\"https:\/\/latijerayeldedal.com\/blog\/colcha-rinske-stevens\/\",\"url\":\"https:\/\/latijerayeldedal.com\/blog\/colcha-rinske-stevens\/\",\"name\":\"Colcha\u00a0Rinske Stevens - El Retroblog de la Tijera y el Dedal\",\"isPartOf\":{\"@id\":\"https:\/\/latijerayeldedal.com\/blog\/#website\"},\"primaryImageOfPage\":{\"@id\":\"https:\/\/latijerayeldedal.com\/blog\/colcha-rinske-stevens\/#primaryimage\"},\"image\":{\"@id\":\"https:\/\/latijerayeldedal.com\/blog\/colcha-rinske-stevens\/#primaryimage\"},\"thumbnailUrl\":\"https:\/\/latijerayeldedal.com\/blog\/wp-content\/uploads\/2024\/09\/DSC_9539.jpg\",\"datePublished\":\"2024-09-30T09:07:20+00:00\",\"dateModified\":\"2024-10-28T18:25:10+00:00\",\"author\":{\"@id\":\"https:\/\/latijerayeldedal.com\/blog\/#\/schema\/person\/5a833ad857bd76f33fc76acba3b3f810\"},\"description\":\"En La Tijera y el Dedal, Maite ha creado una hermosa colcha Rinske Stevens, con bloques tem\u00e1ticos y mu\u00f1ecas. \u00a1Un cl\u00e1sico del patchwork!\",\"breadcrumb\":{\"@id\":\"https:\/\/latijerayeldedal.com\/blog\/colcha-rinske-stevens\/#breadcrumb\"},\"inLanguage\":\"es\",\"potentialAction\":[{\"@type\":\"ReadAction\",\"target\":[\"https:\/\/latijerayeldedal.com\/blog\/colcha-rinske-stevens\/\"]}]},{\"@type\":\"ImageObject\",\"inLanguage\":\"es\",\"@id\":\"https:\/\/latijerayeldedal.com\/blog\/colcha-rinske-stevens\/#primaryimage\",\"url\":\"https:\/\/latijerayeldedal.com\/blog\/wp-content\/uploads\/2024\/09\/DSC_9539.jpg\",\"contentUrl\":\"https:\/\/latijerayeldedal.com\/blog\/wp-content\/uploads\/2024\/09\/DSC_9539.jpg\",\"width\":945,\"height\":1600},{\"@type\":\"BreadcrumbList\",\"@id\":\"https:\/\/latijerayeldedal.com\/blog\/colcha-rinske-stevens\/#breadcrumb\",\"itemListElement\":[{\"@type\":\"ListItem\",\"position\":1,\"name\":\"Portada\",\"item\":\"https:\/\/latijerayeldedal.com\/blog\/\"},{\"@type\":\"ListItem\",\"position\":2,\"name\":\"Colcha\u00a0Rinske Stevens\"}]},{\"@type\":\"WebSite\",\"@id\":\"https:\/\/latijerayeldedal.com\/blog\/#website\",\"url\":\"https:\/\/latijerayeldedal.com\/blog\/\",\"name\":\"El Retroblog de la Tijera y el Dedal\",\"description\":\"El Retroblog de La Tijera y el Dedal revive nuestra historia hasta el 1 de noviembre de 2011, cuando escribimos nuestro primera publicaci\u00f3n. Publicaremos contenido diario que nos llevar\u00e1 atr\u00e1s en el tiempo, recordando momentos, labores y ocurrencias que han ido formado nuestra comunidad. \u00danete a este viaje nost\u00e1lgico de creatividad y recuerdos.\",\"potentialAction\":[{\"@type\":\"SearchAction\",\"target\":{\"@type\":\"EntryPoint\",\"urlTemplate\":\"https:\/\/latijerayeldedal.com\/blog\/?s={search_term_string}\"},\"query-input\":{\"@type\":\"PropertyValueSpecification\",\"valueRequired\":true,\"valueName\":\"search_term_string\"}}],\"inLanguage\":\"es\"},{\"@type\":\"Person\",\"@id\":\"https:\/\/latijerayeldedal.com\/blog\/#\/schema\/person\/5a833ad857bd76f33fc76acba3b3f810\",\"name\":\"latijerayeldedal\",\"image\":{\"@type\":\"ImageObject\",\"inLanguage\":\"es\",\"@id\":\"https:\/\/latijerayeldedal.com\/blog\/#\/schema\/person\/image\/\",\"url\":\"https:\/\/secure.gravatar.com\/avatar\/1ca3b39db033dbb724c1cf5aa644cb7e72c5705ca5972f7ed7afca0805c7b64d?s=96&d=mm&r=g\",\"contentUrl\":\"https:\/\/secure.gravatar.com\/avatar\/1ca3b39db033dbb724c1cf5aa644cb7e72c5705ca5972f7ed7afca0805c7b64d?s=96&d=mm&r=g\",\"caption\":\"latijerayeldedal\"},\"sameAs\":[\"https:\/\/latijerayeldedal.com\/\",\"https:\/\/www.facebook.com\/LaTijerayelDedal\/\",\"https:\/\/www.instagram.com\/latijerayeldedal\/\",\"https:\/\/www.linkedin.com\/company\/la-tijera-y-el-dedal\/\",\"https:\/\/www.pinterest.es\/latijerayeldedal\/\"],\"url\":\"https:\/\/latijerayeldedal.com\/blog\/author\/latijerayeldedal\/\"}]}<\/script>\n<!-- \/ Yoast SEO plugin. -->","yoast_head_json":{"title":"Colcha\u00a0Rinske Stevens - El Retroblog de la Tijera y el Dedal","description":"En La Tijera y el Dedal, Maite ha creado una hermosa colcha Rinske Stevens, con bloques tem\u00e1ticos y mu\u00f1ecas. \u00a1Un cl\u00e1sico del patchwork!","robots":{"index":"noindex","follow":"follow","max-snippet":"max-snippet:-1","max-image-preview":"max-image-preview:large","max-video-preview":"max-video-preview:-1"},"og_locale":"es_ES","og_type":"article","og_title":"Colcha\u00a0Rinske Stevens - El Retroblog de la Tijera y el Dedal","og_description":"En La Tijera y el Dedal, Maite ha creado una hermosa colcha Rinske Stevens, con bloques tem\u00e1ticos y mu\u00f1ecas. \u00a1Un cl\u00e1sico del patchwork!","og_url":"https:\/\/latijerayeldedal.com\/blog\/colcha-rinske-stevens\/","og_site_name":"El Retroblog de la Tijera y el Dedal","article_author":"https:\/\/www.facebook.com\/LaTijerayelDedal\/","article_published_time":"2024-09-30T09:07:20+00:00","article_modified_time":"2024-10-28T18:25:10+00:00","og_image":[{"width":945,"height":1600,"url":"https:\/\/latijerayeldedal.com\/blog\/wp-content\/uploads\/2024\/09\/DSC_9539.jpg","type":"image\/jpeg"}],"author":"latijerayeldedal","twitter_card":"summary_large_image","twitter_misc":{"Escrito por":"latijerayeldedal","Tiempo de lectura":"2 minutos"},"schema":{"@context":"https:\/\/schema.org","@graph":[{"@type":"WebPage","@id":"https:\/\/latijerayeldedal.com\/blog\/colcha-rinske-stevens\/","url":"https:\/\/latijerayeldedal.com\/blog\/colcha-rinske-stevens\/","name":"Colcha\u00a0Rinske Stevens - El Retroblog de la Tijera y el Dedal","isPartOf":{"@id":"https:\/\/latijerayeldedal.com\/blog\/#website"},"primaryImageOfPage":{"@id":"https:\/\/latijerayeldedal.com\/blog\/colcha-rinske-stevens\/#primaryimage"},"image":{"@id":"https:\/\/latijerayeldedal.com\/blog\/colcha-rinske-stevens\/#primaryimage"},"thumbnailUrl":"https:\/\/latijerayeldedal.com\/blog\/wp-content\/uploads\/2024\/09\/DSC_9539.jpg","datePublished":"2024-09-30T09:07:20+00:00","dateModified":"2024-10-28T18:25:10+00:00","author":{"@id":"https:\/\/latijerayeldedal.com\/blog\/#\/schema\/person\/5a833ad857bd76f33fc76acba3b3f810"},"description":"En La Tijera y el Dedal, Maite ha creado una hermosa colcha Rinske Stevens, con bloques tem\u00e1ticos y mu\u00f1ecas. \u00a1Un cl\u00e1sico del patchwork!","breadcrumb":{"@id":"https:\/\/latijerayeldedal.com\/blog\/colcha-rinske-stevens\/#breadcrumb"},"inLanguage":"es","potentialAction":[{"@type":"ReadAction","target":["https:\/\/latijerayeldedal.com\/blog\/colcha-rinske-stevens\/"]}]},{"@type":"ImageObject","inLanguage":"es","@id":"https:\/\/latijerayeldedal.com\/blog\/colcha-rinske-stevens\/#primaryimage","url":"https:\/\/latijerayeldedal.com\/blog\/wp-content\/uploads\/2024\/09\/DSC_9539.jpg","contentUrl":"https:\/\/latijerayeldedal.com\/blog\/wp-content\/uploads\/2024\/09\/DSC_9539.jpg","width":945,"height":1600},{"@type":"BreadcrumbList","@id":"https:\/\/latijerayeldedal.com\/blog\/colcha-rinske-stevens\/#breadcrumb","itemListElement":[{"@type":"ListItem","position":1,"name":"Portada","item":"https:\/\/latijerayeldedal.com\/blog\/"},{"@type":"ListItem","position":2,"name":"Colcha\u00a0Rinske Stevens"}]},{"@type":"WebSite","@id":"https:\/\/latijerayeldedal.com\/blog\/#website","url":"https:\/\/latijerayeldedal.com\/blog\/","name":"El Retroblog de la Tijera y el Dedal","description":"El Retroblog de La Tijera y el Dedal revive nuestra historia hasta el 1 de noviembre de 2011, cuando escribimos nuestro primera publicaci\u00f3n. Publicaremos contenido diario que nos llevar\u00e1 atr\u00e1s en el tiempo, recordando momentos, labores y ocurrencias que han ido formado nuestra comunidad. \u00danete a este viaje nost\u00e1lgico de creatividad y recuerdos.","potentialAction":[{"@type":"SearchAction","target":{"@type":"EntryPoint","urlTemplate":"https:\/\/latijerayeldedal.com\/blog\/?s={search_term_string}"},"query-input":{"@type":"PropertyValueSpecification","valueRequired":true,"valueName":"search_term_string"}}],"inLanguage":"es"},{"@type":"Person","@id":"https:\/\/latijerayeldedal.com\/blog\/#\/schema\/person\/5a833ad857bd76f33fc76acba3b3f810","name":"latijerayeldedal","image":{"@type":"ImageObject","inLanguage":"es","@id":"https:\/\/latijerayeldedal.com\/blog\/#\/schema\/person\/image\/","url":"https:\/\/secure.gravatar.com\/avatar\/1ca3b39db033dbb724c1cf5aa644cb7e72c5705ca5972f7ed7afca0805c7b64d?s=96&d=mm&r=g","contentUrl":"https:\/\/secure.gravatar.com\/avatar\/1ca3b39db033dbb724c1cf5aa644cb7e72c5705ca5972f7ed7afca0805c7b64d?s=96&d=mm&r=g","caption":"latijerayeldedal"},"sameAs":["https:\/\/latijerayeldedal.com\/","https:\/\/www.facebook.com\/LaTijerayelDedal\/","https:\/\/www.instagram.com\/latijerayeldedal\/","https:\/\/www.linkedin.com\/company\/la-tijera-y-el-dedal\/","https:\/\/www.pinterest.es\/latijerayeldedal\/"],"url":"https:\/\/latijerayeldedal.com\/blog\/author\/latijerayeldedal\/"}]}},"_links":{"self":[{"href":"https:\/\/latijerayeldedal.com\/blog\/wp-json\/wp\/v2\/posts\/1129","targetHints":{"allow":["GET"]}}],"collection":[{"href":"https:\/\/latijerayeldedal.com\/blog\/wp-json\/wp\/v2\/posts"}],"about":[{"href":"https:\/\/latijerayeldedal.com\/blog\/wp-json\/wp\/v2\/types\/post"}],"author":[{"embeddable":true,"href":"https:\/\/latijerayeldedal.com\/blog\/wp-json\/wp\/v2\/users\/2"}],"replies":[{"embeddable":true,"href":"https:\/\/latijerayeldedal.com\/blog\/wp-json\/wp\/v2\/comments?post=1129"}],"version-history":[{"count":2,"href":"https:\/\/latijerayeldedal.com\/blog\/wp-json\/wp\/v2\/posts\/1129\/revisions"}],"predecessor-version":[{"id":1255,"href":"https:\/\/latijerayeldedal.com\/blog\/wp-json\/wp\/v2\/posts\/1129\/revisions\/1255"}],"wp:featuredmedia":[{"embeddable":true,"href":"https:\/\/latijerayeldedal.com\/blog\/wp-json\/wp\/v2\/media\/1130"}],"wp:attachment":[{"href":"https:\/\/latijerayeldedal.com\/blog\/wp-json\/wp\/v2\/media?parent=1129"}],"wp:term":[{"taxonomy":"category","embeddable":true,"href":"https:\/\/latijerayeldedal.com\/blog\/wp-json\/wp\/v2\/categories?post=1129"},{"taxonomy":"post_tag","embeddable":true,"href":"https:\/\/latijerayeldedal.com\/blog\/wp-json\/wp\/v2\/tags?post=1129"}],"curies":[{"name":"wp","href":"https:\/\/api.w.org\/{rel}","templated":true}]}}