{"id":1139,"date":"2024-10-03T16:39:04","date_gmt":"2024-10-03T14:39:04","guid":{"rendered":"https:\/\/latijerayeldedal.com\/blog\/?p=1139"},"modified":"2024-10-28T19:26:44","modified_gmt":"2024-10-28T18:26:44","slug":"taller-de-acolchado-a-maquina","status":"publish","type":"post","link":"https:\/\/latijerayeldedal.com\/blog\/taller-de-acolchado-a-maquina\/","title":{"rendered":"Taller de acolchado a m\u00e1quina"},"content":{"rendered":"\n<p>En la mercer\u00eda <strong>La Tijera y el Dedal<\/strong> hemos organizado un nuevo <strong>taller<\/strong> para aprender todo lo necesario sobre el <strong>acolchado a m\u00e1quina<\/strong>. El pr\u00f3ximo <strong>11 de abril<\/strong> ofrecemos dos <strong>monogr\u00e1ficos<\/strong> adaptados a diferentes niveles: nivel 1, para aprender lo m\u00e1s b\u00e1sico, y nivel 2, con t\u00e9cnicas m\u00e1s avanzadas.<\/p>\n\n\n\n<p>El horario para el nivel 1 ser\u00e1 de <strong>10:00 a 12:00 horas<\/strong>, y el nivel 2 de <strong>12:00 a 14:00 horas<\/strong>. Cada nivel es un <strong>taller<\/strong> independiente, aunque aquellas que quer\u00e1is pod\u00e9is apuntaros a ambos para aprovechar al m\u00e1ximo la experiencia y perfeccionar vuestras habilidades de <strong>acolchado<\/strong>.<\/p>\n\n\n\n<p>Visita nuestra&nbsp;<a href=\"https:\/\/www.google.com\/search?gs_ssp=eJzj4tVP1zc0TM7OrkwrSykxYLRSMahIMTG0sDQGQlMDIDC0MqhISjEzTkxNSzVKSjI2SDI38xLJSVQoycxKLUpUqFRIzVFISU1JzAEAMXoWTA&amp;q=la+tijera+y+el+dedal&amp;oq=la+ti&amp;gs_lcrp=EgZjaHJvbWUqFQgBEC4YJxivARjHARiABBiKBRiOBTIPCAAQIxgnGOMCGIAEGIoFMhUIARAuGCcYrwEYxwEYgAQYigUYjgUyBwgCEC4YgAQyBwgDEC4YgAQyBggEEEUYPDIGCAUQRRg8MgYIBhBFGD0yBggHEEUYQdIBCDE5MjBqMGo3qAIAsAIA&amp;sourceid=chrome&amp;ie=UTF-8\">tienda<\/a>&nbsp;o escr\u00edbenos al&nbsp;<strong>Whatsapp&nbsp;<\/strong>o llamando al: <strong>682 237 572<\/strong><br><br>Entrada del 30 de marzo de 2015 para nuestro <strong>Retroblog<\/strong><\/p>\n\n\n\n<figure class=\"wp-block-image\"><img decoding=\"async\" src=\"http:\/\/3.bp.blogspot.com\/-vZeD3OGMIUI\/VRkdSf08KBI\/AAAAAAAAH_Y\/aaPwQMKUOxI\/s1600\/DSC_9096.jpg\" alt=\"Taller de acolchado a m\u00e1quina\"\/><\/figure>\n","protected":false},"excerpt":{"rendered":"<p>En la mercer\u00eda La Tijera y el Dedal hemos organizado un nuevo taller para aprender todo lo necesario sobre el acolchado a m\u00e1quina. El pr\u00f3ximo 11 de abril ofrecemos dos monogr\u00e1ficos adaptados a diferentes niveles: nivel 1, para aprender lo m\u00e1s b\u00e1sico, y nivel 2, con t\u00e9cnicas m\u00e1s avanzadas. El horario para el nivel 1 [&hellip;]<\/p>\n","protected":false},"author":2,"featured_media":1141,"comment_status":"open","ping_status":"open","sticky":false,"template":"","format":"standard","meta":{"_acf_changed":false,"footnotes":""},"categories":[34,18],"tags":[53,84],"class_list":["post-1139","post","type-post","status-publish","format-standard","has-post-thumbnail","hentry","category-cursos-y-talleres","category-monograficos","tag-cursos-y-talleres","tag-monograficos-2"],"acf":[],"yoast_head":"<!-- This site is optimized with the Yoast SEO plugin v23.5 - https:\/\/yoast.com\/wordpress\/plugins\/seo\/ -->\n<title>Taller de acolchado a m\u00e1quina - El Retroblog de la Tijera y el Dedal<\/title>\n<meta name=\"description\" content=\"Taller de acolchado a m\u00e1quina en La Tijera y el Dedal el 11 de abril. Dos niveles: b\u00e1sico y avanzado. \u00a1Ap\u00fantate!\" \/>\n<meta name=\"robots\" content=\"noindex, follow, max-snippet:-1, max-image-preview:large, max-video-preview:-1\" \/>\n<meta property=\"og:locale\" content=\"es_ES\" \/>\n<meta property=\"og:type\" content=\"article\" \/>\n<meta property=\"og:title\" content=\"Taller de acolchado a m\u00e1quina - El Retroblog de la Tijera y el Dedal\" \/>\n<meta property=\"og:description\" content=\"Taller de acolchado a m\u00e1quina en La Tijera y el Dedal el 11 de abril. Dos niveles: b\u00e1sico y avanzado. \u00a1Ap\u00fantate!\" \/>\n<meta property=\"og:url\" content=\"https:\/\/latijerayeldedal.com\/blog\/taller-de-acolchado-a-maquina\/\" \/>\n<meta property=\"og:site_name\" content=\"El Retroblog de la Tijera y el Dedal\" \/>\n<meta property=\"article:author\" content=\"https:\/\/www.facebook.com\/LaTijerayelDedal\/\" \/>\n<meta property=\"article:published_time\" content=\"2024-10-03T14:39:04+00:00\" \/>\n<meta property=\"article:modified_time\" content=\"2024-10-28T18:26:44+00:00\" \/>\n<meta property=\"og:image\" content=\"https:\/\/latijerayeldedal.com\/blog\/wp-content\/uploads\/2024\/09\/DSC_9096.jpg\" \/>\n\t<meta property=\"og:image:width\" content=\"800\" \/>\n\t<meta property=\"og:image:height\" content=\"505\" \/>\n\t<meta property=\"og:image:type\" content=\"image\/jpeg\" \/>\n<meta name=\"author\" content=\"latijerayeldedal\" \/>\n<meta name=\"twitter:card\" content=\"summary_large_image\" \/>\n<meta name=\"twitter:label1\" content=\"Escrito por\" \/>\n\t<meta name=\"twitter:data1\" content=\"latijerayeldedal\" \/>\n\t<meta name=\"twitter:label2\" content=\"Tiempo de lectura\" \/>\n\t<meta name=\"twitter:data2\" content=\"1 minuto\" \/>\n<script type=\"application\/ld+json\" class=\"yoast-schema-graph\">{\"@context\":\"https:\/\/schema.org\",\"@graph\":[{\"@type\":\"WebPage\",\"@id\":\"https:\/\/latijerayeldedal.com\/blog\/taller-de-acolchado-a-maquina\/\",\"url\":\"https:\/\/latijerayeldedal.com\/blog\/taller-de-acolchado-a-maquina\/\",\"name\":\"Taller de acolchado a m\u00e1quina - El Retroblog de la Tijera y el Dedal\",\"isPartOf\":{\"@id\":\"https:\/\/latijerayeldedal.com\/blog\/#website\"},\"primaryImageOfPage\":{\"@id\":\"https:\/\/latijerayeldedal.com\/blog\/taller-de-acolchado-a-maquina\/#primaryimage\"},\"image\":{\"@id\":\"https:\/\/latijerayeldedal.com\/blog\/taller-de-acolchado-a-maquina\/#primaryimage\"},\"thumbnailUrl\":\"https:\/\/latijerayeldedal.com\/blog\/wp-content\/uploads\/2024\/09\/DSC_9096.jpg\",\"datePublished\":\"2024-10-03T14:39:04+00:00\",\"dateModified\":\"2024-10-28T18:26:44+00:00\",\"author\":{\"@id\":\"https:\/\/latijerayeldedal.com\/blog\/#\/schema\/person\/5a833ad857bd76f33fc76acba3b3f810\"},\"description\":\"Taller de acolchado a m\u00e1quina en La Tijera y el Dedal el 11 de abril. Dos niveles: b\u00e1sico y avanzado. \u00a1Ap\u00fantate!\",\"breadcrumb\":{\"@id\":\"https:\/\/latijerayeldedal.com\/blog\/taller-de-acolchado-a-maquina\/#breadcrumb\"},\"inLanguage\":\"es\",\"potentialAction\":[{\"@type\":\"ReadAction\",\"target\":[\"https:\/\/latijerayeldedal.com\/blog\/taller-de-acolchado-a-maquina\/\"]}]},{\"@type\":\"ImageObject\",\"inLanguage\":\"es\",\"@id\":\"https:\/\/latijerayeldedal.com\/blog\/taller-de-acolchado-a-maquina\/#primaryimage\",\"url\":\"https:\/\/latijerayeldedal.com\/blog\/wp-content\/uploads\/2024\/09\/DSC_9096.jpg\",\"contentUrl\":\"https:\/\/latijerayeldedal.com\/blog\/wp-content\/uploads\/2024\/09\/DSC_9096.jpg\",\"width\":800,\"height\":505},{\"@type\":\"BreadcrumbList\",\"@id\":\"https:\/\/latijerayeldedal.com\/blog\/taller-de-acolchado-a-maquina\/#breadcrumb\",\"itemListElement\":[{\"@type\":\"ListItem\",\"position\":1,\"name\":\"Portada\",\"item\":\"https:\/\/latijerayeldedal.com\/blog\/\"},{\"@type\":\"ListItem\",\"position\":2,\"name\":\"Taller de acolchado a m\u00e1quina\"}]},{\"@type\":\"WebSite\",\"@id\":\"https:\/\/latijerayeldedal.com\/blog\/#website\",\"url\":\"https:\/\/latijerayeldedal.com\/blog\/\",\"name\":\"El Retroblog de la Tijera y el Dedal\",\"description\":\"El Retroblog de La Tijera y el Dedal revive nuestra historia hasta el 1 de noviembre de 2011, cuando escribimos nuestro primera publicaci\u00f3n. Publicaremos contenido diario que nos llevar\u00e1 atr\u00e1s en el tiempo, recordando momentos, labores y ocurrencias que han ido formado nuestra comunidad. \u00danete a este viaje nost\u00e1lgico de creatividad y recuerdos.\",\"potentialAction\":[{\"@type\":\"SearchAction\",\"target\":{\"@type\":\"EntryPoint\",\"urlTemplate\":\"https:\/\/latijerayeldedal.com\/blog\/?s={search_term_string}\"},\"query-input\":{\"@type\":\"PropertyValueSpecification\",\"valueRequired\":true,\"valueName\":\"search_term_string\"}}],\"inLanguage\":\"es\"},{\"@type\":\"Person\",\"@id\":\"https:\/\/latijerayeldedal.com\/blog\/#\/schema\/person\/5a833ad857bd76f33fc76acba3b3f810\",\"name\":\"latijerayeldedal\",\"image\":{\"@type\":\"ImageObject\",\"inLanguage\":\"es\",\"@id\":\"https:\/\/latijerayeldedal.com\/blog\/#\/schema\/person\/image\/\",\"url\":\"https:\/\/secure.gravatar.com\/avatar\/1ca3b39db033dbb724c1cf5aa644cb7e72c5705ca5972f7ed7afca0805c7b64d?s=96&d=mm&r=g\",\"contentUrl\":\"https:\/\/secure.gravatar.com\/avatar\/1ca3b39db033dbb724c1cf5aa644cb7e72c5705ca5972f7ed7afca0805c7b64d?s=96&d=mm&r=g\",\"caption\":\"latijerayeldedal\"},\"sameAs\":[\"https:\/\/latijerayeldedal.com\/\",\"https:\/\/www.facebook.com\/LaTijerayelDedal\/\",\"https:\/\/www.instagram.com\/latijerayeldedal\/\",\"https:\/\/www.linkedin.com\/company\/la-tijera-y-el-dedal\/\",\"https:\/\/www.pinterest.es\/latijerayeldedal\/\"],\"url\":\"https:\/\/latijerayeldedal.com\/blog\/author\/latijerayeldedal\/\"}]}<\/script>\n<!-- \/ Yoast SEO plugin. -->","yoast_head_json":{"title":"Taller de acolchado a m\u00e1quina - El Retroblog de la Tijera y el Dedal","description":"Taller de acolchado a m\u00e1quina en La Tijera y el Dedal el 11 de abril. Dos niveles: b\u00e1sico y avanzado. \u00a1Ap\u00fantate!","robots":{"index":"noindex","follow":"follow","max-snippet":"max-snippet:-1","max-image-preview":"max-image-preview:large","max-video-preview":"max-video-preview:-1"},"og_locale":"es_ES","og_type":"article","og_title":"Taller de acolchado a m\u00e1quina - El Retroblog de la Tijera y el Dedal","og_description":"Taller de acolchado a m\u00e1quina en La Tijera y el Dedal el 11 de abril. Dos niveles: b\u00e1sico y avanzado. \u00a1Ap\u00fantate!","og_url":"https:\/\/latijerayeldedal.com\/blog\/taller-de-acolchado-a-maquina\/","og_site_name":"El Retroblog de la Tijera y el Dedal","article_author":"https:\/\/www.facebook.com\/LaTijerayelDedal\/","article_published_time":"2024-10-03T14:39:04+00:00","article_modified_time":"2024-10-28T18:26:44+00:00","og_image":[{"width":800,"height":505,"url":"https:\/\/latijerayeldedal.com\/blog\/wp-content\/uploads\/2024\/09\/DSC_9096.jpg","type":"image\/jpeg"}],"author":"latijerayeldedal","twitter_card":"summary_large_image","twitter_misc":{"Escrito por":"latijerayeldedal","Tiempo de lectura":"1 minuto"},"schema":{"@context":"https:\/\/schema.org","@graph":[{"@type":"WebPage","@id":"https:\/\/latijerayeldedal.com\/blog\/taller-de-acolchado-a-maquina\/","url":"https:\/\/latijerayeldedal.com\/blog\/taller-de-acolchado-a-maquina\/","name":"Taller de acolchado a m\u00e1quina - El Retroblog de la Tijera y el Dedal","isPartOf":{"@id":"https:\/\/latijerayeldedal.com\/blog\/#website"},"primaryImageOfPage":{"@id":"https:\/\/latijerayeldedal.com\/blog\/taller-de-acolchado-a-maquina\/#primaryimage"},"image":{"@id":"https:\/\/latijerayeldedal.com\/blog\/taller-de-acolchado-a-maquina\/#primaryimage"},"thumbnailUrl":"https:\/\/latijerayeldedal.com\/blog\/wp-content\/uploads\/2024\/09\/DSC_9096.jpg","datePublished":"2024-10-03T14:39:04+00:00","dateModified":"2024-10-28T18:26:44+00:00","author":{"@id":"https:\/\/latijerayeldedal.com\/blog\/#\/schema\/person\/5a833ad857bd76f33fc76acba3b3f810"},"description":"Taller de acolchado a m\u00e1quina en La Tijera y el Dedal el 11 de abril. Dos niveles: b\u00e1sico y avanzado. \u00a1Ap\u00fantate!","breadcrumb":{"@id":"https:\/\/latijerayeldedal.com\/blog\/taller-de-acolchado-a-maquina\/#breadcrumb"},"inLanguage":"es","potentialAction":[{"@type":"ReadAction","target":["https:\/\/latijerayeldedal.com\/blog\/taller-de-acolchado-a-maquina\/"]}]},{"@type":"ImageObject","inLanguage":"es","@id":"https:\/\/latijerayeldedal.com\/blog\/taller-de-acolchado-a-maquina\/#primaryimage","url":"https:\/\/latijerayeldedal.com\/blog\/wp-content\/uploads\/2024\/09\/DSC_9096.jpg","contentUrl":"https:\/\/latijerayeldedal.com\/blog\/wp-content\/uploads\/2024\/09\/DSC_9096.jpg","width":800,"height":505},{"@type":"BreadcrumbList","@id":"https:\/\/latijerayeldedal.com\/blog\/taller-de-acolchado-a-maquina\/#breadcrumb","itemListElement":[{"@type":"ListItem","position":1,"name":"Portada","item":"https:\/\/latijerayeldedal.com\/blog\/"},{"@type":"ListItem","position":2,"name":"Taller de acolchado a m\u00e1quina"}]},{"@type":"WebSite","@id":"https:\/\/latijerayeldedal.com\/blog\/#website","url":"https:\/\/latijerayeldedal.com\/blog\/","name":"El Retroblog de la Tijera y el Dedal","description":"El Retroblog de La Tijera y el Dedal revive nuestra historia hasta el 1 de noviembre de 2011, cuando escribimos nuestro primera publicaci\u00f3n. Publicaremos contenido diario que nos llevar\u00e1 atr\u00e1s en el tiempo, recordando momentos, labores y ocurrencias que han ido formado nuestra comunidad. \u00danete a este viaje nost\u00e1lgico de creatividad y recuerdos.","potentialAction":[{"@type":"SearchAction","target":{"@type":"EntryPoint","urlTemplate":"https:\/\/latijerayeldedal.com\/blog\/?s={search_term_string}"},"query-input":{"@type":"PropertyValueSpecification","valueRequired":true,"valueName":"search_term_string"}}],"inLanguage":"es"},{"@type":"Person","@id":"https:\/\/latijerayeldedal.com\/blog\/#\/schema\/person\/5a833ad857bd76f33fc76acba3b3f810","name":"latijerayeldedal","image":{"@type":"ImageObject","inLanguage":"es","@id":"https:\/\/latijerayeldedal.com\/blog\/#\/schema\/person\/image\/","url":"https:\/\/secure.gravatar.com\/avatar\/1ca3b39db033dbb724c1cf5aa644cb7e72c5705ca5972f7ed7afca0805c7b64d?s=96&d=mm&r=g","contentUrl":"https:\/\/secure.gravatar.com\/avatar\/1ca3b39db033dbb724c1cf5aa644cb7e72c5705ca5972f7ed7afca0805c7b64d?s=96&d=mm&r=g","caption":"latijerayeldedal"},"sameAs":["https:\/\/latijerayeldedal.com\/","https:\/\/www.facebook.com\/LaTijerayelDedal\/","https:\/\/www.instagram.com\/latijerayeldedal\/","https:\/\/www.linkedin.com\/company\/la-tijera-y-el-dedal\/","https:\/\/www.pinterest.es\/latijerayeldedal\/"],"url":"https:\/\/latijerayeldedal.com\/blog\/author\/latijerayeldedal\/"}]}},"_links":{"self":[{"href":"https:\/\/latijerayeldedal.com\/blog\/wp-json\/wp\/v2\/posts\/1139","targetHints":{"allow":["GET"]}}],"collection":[{"href":"https:\/\/latijerayeldedal.com\/blog\/wp-json\/wp\/v2\/posts"}],"about":[{"href":"https:\/\/latijerayeldedal.com\/blog\/wp-json\/wp\/v2\/types\/post"}],"author":[{"embeddable":true,"href":"https:\/\/latijerayeldedal.com\/blog\/wp-json\/wp\/v2\/users\/2"}],"replies":[{"embeddable":true,"href":"https:\/\/latijerayeldedal.com\/blog\/wp-json\/wp\/v2\/comments?post=1139"}],"version-history":[{"count":2,"href":"https:\/\/latijerayeldedal.com\/blog\/wp-json\/wp\/v2\/posts\/1139\/revisions"}],"predecessor-version":[{"id":1258,"href":"https:\/\/latijerayeldedal.com\/blog\/wp-json\/wp\/v2\/posts\/1139\/revisions\/1258"}],"wp:featuredmedia":[{"embeddable":true,"href":"https:\/\/latijerayeldedal.com\/blog\/wp-json\/wp\/v2\/media\/1141"}],"wp:attachment":[{"href":"https:\/\/latijerayeldedal.com\/blog\/wp-json\/wp\/v2\/media?parent=1139"}],"wp:term":[{"taxonomy":"category","embeddable":true,"href":"https:\/\/latijerayeldedal.com\/blog\/wp-json\/wp\/v2\/categories?post=1139"},{"taxonomy":"post_tag","embeddable":true,"href":"https:\/\/latijerayeldedal.com\/blog\/wp-json\/wp\/v2\/tags?post=1139"}],"curies":[{"name":"wp","href":"https:\/\/api.w.org\/{rel}","templated":true}]}}