{"id":1172,"date":"2024-10-18T18:51:11","date_gmt":"2024-10-18T16:51:11","guid":{"rendered":"https:\/\/latijerayeldedal.com\/blog\/?p=1172"},"modified":"2024-10-28T19:31:47","modified_gmt":"2024-10-28T18:31:47","slug":"bolso-de-patchwork-2","status":"publish","type":"post","link":"https:\/\/latijerayeldedal.com\/blog\/bolso-de-patchwork-2\/","title":{"rendered":"Bolso de Patchwork"},"content":{"rendered":"\n<p>Un nuevo y precioso proyecto ha llegado a la mercer\u00eda <strong>La Tijera y el Dedal<\/strong>. Hace unos d\u00edas, Virginia nos mostr\u00f3 esta maravilla de <strong>bolso tipo bandolera<\/strong> realizado en <strong>Patchwork<\/strong>. Utilizando un <strong>panel de Patchwork<\/strong> muy original, que simula un viejo peri\u00f3dico, Virginia ha dise\u00f1ado un bolso \u00fanico y lleno de estilo.<\/p>\n\n\n\n<p>El bolso cuenta con un pr\u00e1ctico <strong>cierre fruncido<\/strong>, unos elegantes cordones colgantes, una <strong>flor de tela decorativa<\/strong> y una correa larga de cuero, aportando un toque distintivo y creativo. Un proyecto verdaderamente encantador y funcional, perfecto para quienes aman el estilo \u00fanico del <strong>Patchwork<\/strong>.<\/p>\n\n\n\n<p>Si&nbsp;t\u00fa&nbsp;quieres&nbsp;<strong>aprender&nbsp;<\/strong>a realizar labores c\u00f3mo esta,&nbsp;<a href=\"https:\/\/latijerayeldedal.com\/content\/6-sobre-nosotras\">ap\u00fantate&nbsp;<\/a>a nuestros cursos y talleres especiales. Visita nuestra&nbsp;<a href=\"https:\/\/www.google.com\/search?gs_ssp=eJzj4tVP1zc0TM7OrkwrSykxYLRSMahIMTG0sDQGQlMDIDC0MqhISjEzTkxNSzVKSjI2SDI38xLJSVQoycxKLUpUqFRIzVFISU1JzAEAMXoWTA&amp;q=la+tijera+y+el+dedal&amp;oq=la+ti&amp;gs_lcrp=EgZjaHJvbWUqFQgBEC4YJxivARjHARiABBiKBRiOBTIPCAAQIxgnGOMCGIAEGIoFMhUIARAuGCcYrwEYxwEYgAQYigUYjgUyBwgCEC4YgAQyBwgDEC4YgAQyBggEEEUYPDIGCAUQRRg8MgYIBhBFGD0yBggHEEUYQdIBCDE5MjBqMGo3qAIAsAIA&amp;sourceid=chrome&amp;ie=UTF-8\">tienda<\/a>&nbsp;o escr\u00edbenos al&nbsp;<strong>Whatsapp&nbsp;<\/strong>o llamando al: <strong>682 237 572<\/strong><\/p>\n\n\n\n<p>Entrada del 4 de marzo de 2015 para nuestro <strong>Retroblog<\/strong><\/p>\n\n\n<div class=\"wp-block-image\">\n<figure class=\"aligncenter\"><img decoding=\"async\" src=\"https:\/\/blogger.googleusercontent.com\/img\/b\/R29vZ2xl\/AVvXsEguColNt3VDYYo95C5h-E-Jy9PmKBf3GgYuqW8xfDruv3eosHSOUg3SrKzwUUcVZTB6G1fXX-kgonN0O8o-w6LYGw-dJFCyiZlaR6mLJeWu4jML1ggt43Ke5pkJUk02etk7-dI7rLRv9Rqm\/s1600\/DSC_8925.JPG\" alt=\"Bolso de Patchwork\"\/><\/figure>\n<\/div>\n\n<div class=\"wp-block-image\">\n<figure class=\"aligncenter\"><img decoding=\"async\" src=\"https:\/\/blogger.googleusercontent.com\/img\/b\/R29vZ2xl\/AVvXsEhpCmPdqXtlpUwZT_WVNaV1Io2fAw3bpNrQkdbEBuUnfQdBn5tSFVRkCSkAIMOtGKVs7dGGLWmyrbaAlZJIkZNwtyLc6vVRdHcgc4kkFcsfR_7jhWpxZ5yZ_V3JQ3WHj71qpx9m4iGYSKTu\/s1600\/DSC_8927.JPG\" alt=\"Bolso de Patchwork\"\/><\/figure>\n<\/div>\n\n<div class=\"wp-block-image\">\n<figure class=\"aligncenter\"><img decoding=\"async\" src=\"https:\/\/blogger.googleusercontent.com\/img\/b\/R29vZ2xl\/AVvXsEgr1GyH8HuLk0x6VMv7ss6zdnVjsMvHzLwmWfKxOnMEtCCrGSyikq50EfHLmcerfkZg55UJrESMY4aUvql7zY5z9efseP5hMRgOSV5JSo8EWt4UAO4bHuUU_s0_9xJkLhG-ltKZABAp8MrJ\/s1600\/DSC_8929.JPG\" alt=\"Bolso de Patchwork\"\/><\/figure>\n<\/div>","protected":false},"excerpt":{"rendered":"<p>Un nuevo y precioso proyecto ha llegado a la mercer\u00eda La Tijera y el Dedal. Hace unos d\u00edas, Virginia nos mostr\u00f3 esta maravilla de bolso tipo bandolera realizado en Patchwork. Utilizando un panel de Patchwork muy original, que simula un viejo peri\u00f3dico, Virginia ha dise\u00f1ado un bolso \u00fanico y lleno de estilo. El bolso cuenta [&hellip;]<\/p>\n","protected":false},"author":2,"featured_media":1173,"comment_status":"open","ping_status":"open","sticky":false,"template":"","format":"standard","meta":{"_acf_changed":false,"footnotes":""},"categories":[39,62],"tags":[83,65],"class_list":["post-1172","post","type-post","status-publish","format-standard","has-post-thumbnail","hentry","category-bolsos","category-costura-creativa","tag-bolsos","tag-costura-creativa"],"acf":[],"yoast_head":"<!-- This site is optimized with the Yoast SEO plugin v23.5 - https:\/\/yoast.com\/wordpress\/plugins\/seo\/ -->\n<title>Bolso de Patchwork - El Retroblog de la Tijera y el Dedal<\/title>\n<meta name=\"description\" content=\"Virginia ha creado un precioso bolso bandolera de patchwork, con un panel que simula un peri\u00f3dico antiguo. \u00a1Un dise\u00f1o \u00fanico con detalles decorativos!\" \/>\n<meta name=\"robots\" content=\"noindex, follow, max-snippet:-1, max-image-preview:large, max-video-preview:-1\" \/>\n<meta property=\"og:locale\" content=\"es_ES\" \/>\n<meta property=\"og:type\" content=\"article\" \/>\n<meta property=\"og:title\" content=\"Bolso de Patchwork - El Retroblog de la Tijera y el Dedal\" \/>\n<meta property=\"og:description\" content=\"Virginia ha creado un precioso bolso bandolera de patchwork, con un panel que simula un peri\u00f3dico antiguo. \u00a1Un dise\u00f1o \u00fanico con detalles decorativos!\" \/>\n<meta property=\"og:url\" content=\"https:\/\/latijerayeldedal.com\/blog\/bolso-de-patchwork-2\/\" \/>\n<meta property=\"og:site_name\" content=\"El Retroblog de la Tijera y el Dedal\" \/>\n<meta property=\"article:author\" content=\"https:\/\/www.facebook.com\/LaTijerayelDedal\/\" \/>\n<meta property=\"article:published_time\" content=\"2024-10-18T16:51:11+00:00\" \/>\n<meta property=\"article:modified_time\" content=\"2024-10-28T18:31:47+00:00\" \/>\n<meta property=\"og:image\" content=\"https:\/\/latijerayeldedal.com\/blog\/wp-content\/uploads\/2024\/10\/DSC_8925.jpg\" \/>\n\t<meta property=\"og:image:width\" content=\"800\" \/>\n\t<meta property=\"og:image:height\" content=\"1112\" \/>\n\t<meta property=\"og:image:type\" content=\"image\/jpeg\" \/>\n<meta name=\"author\" content=\"latijerayeldedal\" \/>\n<meta name=\"twitter:card\" content=\"summary_large_image\" \/>\n<meta name=\"twitter:label1\" content=\"Escrito por\" \/>\n\t<meta name=\"twitter:data1\" content=\"latijerayeldedal\" \/>\n\t<meta name=\"twitter:label2\" content=\"Tiempo de lectura\" \/>\n\t<meta name=\"twitter:data2\" content=\"2 minutos\" \/>\n<script type=\"application\/ld+json\" class=\"yoast-schema-graph\">{\"@context\":\"https:\/\/schema.org\",\"@graph\":[{\"@type\":\"WebPage\",\"@id\":\"https:\/\/latijerayeldedal.com\/blog\/bolso-de-patchwork-2\/\",\"url\":\"https:\/\/latijerayeldedal.com\/blog\/bolso-de-patchwork-2\/\",\"name\":\"Bolso de Patchwork - El Retroblog de la Tijera y el Dedal\",\"isPartOf\":{\"@id\":\"https:\/\/latijerayeldedal.com\/blog\/#website\"},\"primaryImageOfPage\":{\"@id\":\"https:\/\/latijerayeldedal.com\/blog\/bolso-de-patchwork-2\/#primaryimage\"},\"image\":{\"@id\":\"https:\/\/latijerayeldedal.com\/blog\/bolso-de-patchwork-2\/#primaryimage\"},\"thumbnailUrl\":\"https:\/\/latijerayeldedal.com\/blog\/wp-content\/uploads\/2024\/10\/DSC_8925.jpg\",\"datePublished\":\"2024-10-18T16:51:11+00:00\",\"dateModified\":\"2024-10-28T18:31:47+00:00\",\"author\":{\"@id\":\"https:\/\/latijerayeldedal.com\/blog\/#\/schema\/person\/5a833ad857bd76f33fc76acba3b3f810\"},\"description\":\"Virginia ha creado un precioso bolso bandolera de patchwork, con un panel que simula un peri\u00f3dico antiguo. \u00a1Un dise\u00f1o \u00fanico con detalles decorativos!\",\"breadcrumb\":{\"@id\":\"https:\/\/latijerayeldedal.com\/blog\/bolso-de-patchwork-2\/#breadcrumb\"},\"inLanguage\":\"es\",\"potentialAction\":[{\"@type\":\"ReadAction\",\"target\":[\"https:\/\/latijerayeldedal.com\/blog\/bolso-de-patchwork-2\/\"]}]},{\"@type\":\"ImageObject\",\"inLanguage\":\"es\",\"@id\":\"https:\/\/latijerayeldedal.com\/blog\/bolso-de-patchwork-2\/#primaryimage\",\"url\":\"https:\/\/latijerayeldedal.com\/blog\/wp-content\/uploads\/2024\/10\/DSC_8925.jpg\",\"contentUrl\":\"https:\/\/latijerayeldedal.com\/blog\/wp-content\/uploads\/2024\/10\/DSC_8925.jpg\",\"width\":800,\"height\":1112},{\"@type\":\"BreadcrumbList\",\"@id\":\"https:\/\/latijerayeldedal.com\/blog\/bolso-de-patchwork-2\/#breadcrumb\",\"itemListElement\":[{\"@type\":\"ListItem\",\"position\":1,\"name\":\"Portada\",\"item\":\"https:\/\/latijerayeldedal.com\/blog\/\"},{\"@type\":\"ListItem\",\"position\":2,\"name\":\"Bolso de Patchwork\"}]},{\"@type\":\"WebSite\",\"@id\":\"https:\/\/latijerayeldedal.com\/blog\/#website\",\"url\":\"https:\/\/latijerayeldedal.com\/blog\/\",\"name\":\"El Retroblog de la Tijera y el Dedal\",\"description\":\"El Retroblog de La Tijera y el Dedal revive nuestra historia hasta el 1 de noviembre de 2011, cuando escribimos nuestro primera publicaci\u00f3n. Publicaremos contenido diario que nos llevar\u00e1 atr\u00e1s en el tiempo, recordando momentos, labores y ocurrencias que han ido formado nuestra comunidad. \u00danete a este viaje nost\u00e1lgico de creatividad y recuerdos.\",\"potentialAction\":[{\"@type\":\"SearchAction\",\"target\":{\"@type\":\"EntryPoint\",\"urlTemplate\":\"https:\/\/latijerayeldedal.com\/blog\/?s={search_term_string}\"},\"query-input\":{\"@type\":\"PropertyValueSpecification\",\"valueRequired\":true,\"valueName\":\"search_term_string\"}}],\"inLanguage\":\"es\"},{\"@type\":\"Person\",\"@id\":\"https:\/\/latijerayeldedal.com\/blog\/#\/schema\/person\/5a833ad857bd76f33fc76acba3b3f810\",\"name\":\"latijerayeldedal\",\"image\":{\"@type\":\"ImageObject\",\"inLanguage\":\"es\",\"@id\":\"https:\/\/latijerayeldedal.com\/blog\/#\/schema\/person\/image\/\",\"url\":\"https:\/\/secure.gravatar.com\/avatar\/1ca3b39db033dbb724c1cf5aa644cb7e72c5705ca5972f7ed7afca0805c7b64d?s=96&d=mm&r=g\",\"contentUrl\":\"https:\/\/secure.gravatar.com\/avatar\/1ca3b39db033dbb724c1cf5aa644cb7e72c5705ca5972f7ed7afca0805c7b64d?s=96&d=mm&r=g\",\"caption\":\"latijerayeldedal\"},\"sameAs\":[\"https:\/\/latijerayeldedal.com\/\",\"https:\/\/www.facebook.com\/LaTijerayelDedal\/\",\"https:\/\/www.instagram.com\/latijerayeldedal\/\",\"https:\/\/www.linkedin.com\/company\/la-tijera-y-el-dedal\/\",\"https:\/\/www.pinterest.es\/latijerayeldedal\/\"],\"url\":\"https:\/\/latijerayeldedal.com\/blog\/author\/latijerayeldedal\/\"}]}<\/script>\n<!-- \/ Yoast SEO plugin. -->","yoast_head_json":{"title":"Bolso de Patchwork - El Retroblog de la Tijera y el Dedal","description":"Virginia ha creado un precioso bolso bandolera de patchwork, con un panel que simula un peri\u00f3dico antiguo. \u00a1Un dise\u00f1o \u00fanico con detalles decorativos!","robots":{"index":"noindex","follow":"follow","max-snippet":"max-snippet:-1","max-image-preview":"max-image-preview:large","max-video-preview":"max-video-preview:-1"},"og_locale":"es_ES","og_type":"article","og_title":"Bolso de Patchwork - El Retroblog de la Tijera y el Dedal","og_description":"Virginia ha creado un precioso bolso bandolera de patchwork, con un panel que simula un peri\u00f3dico antiguo. \u00a1Un dise\u00f1o \u00fanico con detalles decorativos!","og_url":"https:\/\/latijerayeldedal.com\/blog\/bolso-de-patchwork-2\/","og_site_name":"El Retroblog de la Tijera y el Dedal","article_author":"https:\/\/www.facebook.com\/LaTijerayelDedal\/","article_published_time":"2024-10-18T16:51:11+00:00","article_modified_time":"2024-10-28T18:31:47+00:00","og_image":[{"width":800,"height":1112,"url":"https:\/\/latijerayeldedal.com\/blog\/wp-content\/uploads\/2024\/10\/DSC_8925.jpg","type":"image\/jpeg"}],"author":"latijerayeldedal","twitter_card":"summary_large_image","twitter_misc":{"Escrito por":"latijerayeldedal","Tiempo de lectura":"2 minutos"},"schema":{"@context":"https:\/\/schema.org","@graph":[{"@type":"WebPage","@id":"https:\/\/latijerayeldedal.com\/blog\/bolso-de-patchwork-2\/","url":"https:\/\/latijerayeldedal.com\/blog\/bolso-de-patchwork-2\/","name":"Bolso de Patchwork - El Retroblog de la Tijera y el Dedal","isPartOf":{"@id":"https:\/\/latijerayeldedal.com\/blog\/#website"},"primaryImageOfPage":{"@id":"https:\/\/latijerayeldedal.com\/blog\/bolso-de-patchwork-2\/#primaryimage"},"image":{"@id":"https:\/\/latijerayeldedal.com\/blog\/bolso-de-patchwork-2\/#primaryimage"},"thumbnailUrl":"https:\/\/latijerayeldedal.com\/blog\/wp-content\/uploads\/2024\/10\/DSC_8925.jpg","datePublished":"2024-10-18T16:51:11+00:00","dateModified":"2024-10-28T18:31:47+00:00","author":{"@id":"https:\/\/latijerayeldedal.com\/blog\/#\/schema\/person\/5a833ad857bd76f33fc76acba3b3f810"},"description":"Virginia ha creado un precioso bolso bandolera de patchwork, con un panel que simula un peri\u00f3dico antiguo. \u00a1Un dise\u00f1o \u00fanico con detalles decorativos!","breadcrumb":{"@id":"https:\/\/latijerayeldedal.com\/blog\/bolso-de-patchwork-2\/#breadcrumb"},"inLanguage":"es","potentialAction":[{"@type":"ReadAction","target":["https:\/\/latijerayeldedal.com\/blog\/bolso-de-patchwork-2\/"]}]},{"@type":"ImageObject","inLanguage":"es","@id":"https:\/\/latijerayeldedal.com\/blog\/bolso-de-patchwork-2\/#primaryimage","url":"https:\/\/latijerayeldedal.com\/blog\/wp-content\/uploads\/2024\/10\/DSC_8925.jpg","contentUrl":"https:\/\/latijerayeldedal.com\/blog\/wp-content\/uploads\/2024\/10\/DSC_8925.jpg","width":800,"height":1112},{"@type":"BreadcrumbList","@id":"https:\/\/latijerayeldedal.com\/blog\/bolso-de-patchwork-2\/#breadcrumb","itemListElement":[{"@type":"ListItem","position":1,"name":"Portada","item":"https:\/\/latijerayeldedal.com\/blog\/"},{"@type":"ListItem","position":2,"name":"Bolso de Patchwork"}]},{"@type":"WebSite","@id":"https:\/\/latijerayeldedal.com\/blog\/#website","url":"https:\/\/latijerayeldedal.com\/blog\/","name":"El Retroblog de la Tijera y el Dedal","description":"El Retroblog de La Tijera y el Dedal revive nuestra historia hasta el 1 de noviembre de 2011, cuando escribimos nuestro primera publicaci\u00f3n. Publicaremos contenido diario que nos llevar\u00e1 atr\u00e1s en el tiempo, recordando momentos, labores y ocurrencias que han ido formado nuestra comunidad. \u00danete a este viaje nost\u00e1lgico de creatividad y recuerdos.","potentialAction":[{"@type":"SearchAction","target":{"@type":"EntryPoint","urlTemplate":"https:\/\/latijerayeldedal.com\/blog\/?s={search_term_string}"},"query-input":{"@type":"PropertyValueSpecification","valueRequired":true,"valueName":"search_term_string"}}],"inLanguage":"es"},{"@type":"Person","@id":"https:\/\/latijerayeldedal.com\/blog\/#\/schema\/person\/5a833ad857bd76f33fc76acba3b3f810","name":"latijerayeldedal","image":{"@type":"ImageObject","inLanguage":"es","@id":"https:\/\/latijerayeldedal.com\/blog\/#\/schema\/person\/image\/","url":"https:\/\/secure.gravatar.com\/avatar\/1ca3b39db033dbb724c1cf5aa644cb7e72c5705ca5972f7ed7afca0805c7b64d?s=96&d=mm&r=g","contentUrl":"https:\/\/secure.gravatar.com\/avatar\/1ca3b39db033dbb724c1cf5aa644cb7e72c5705ca5972f7ed7afca0805c7b64d?s=96&d=mm&r=g","caption":"latijerayeldedal"},"sameAs":["https:\/\/latijerayeldedal.com\/","https:\/\/www.facebook.com\/LaTijerayelDedal\/","https:\/\/www.instagram.com\/latijerayeldedal\/","https:\/\/www.linkedin.com\/company\/la-tijera-y-el-dedal\/","https:\/\/www.pinterest.es\/latijerayeldedal\/"],"url":"https:\/\/latijerayeldedal.com\/blog\/author\/latijerayeldedal\/"}]}},"_links":{"self":[{"href":"https:\/\/latijerayeldedal.com\/blog\/wp-json\/wp\/v2\/posts\/1172","targetHints":{"allow":["GET"]}}],"collection":[{"href":"https:\/\/latijerayeldedal.com\/blog\/wp-json\/wp\/v2\/posts"}],"about":[{"href":"https:\/\/latijerayeldedal.com\/blog\/wp-json\/wp\/v2\/types\/post"}],"author":[{"embeddable":true,"href":"https:\/\/latijerayeldedal.com\/blog\/wp-json\/wp\/v2\/users\/2"}],"replies":[{"embeddable":true,"href":"https:\/\/latijerayeldedal.com\/blog\/wp-json\/wp\/v2\/comments?post=1172"}],"version-history":[{"count":2,"href":"https:\/\/latijerayeldedal.com\/blog\/wp-json\/wp\/v2\/posts\/1172\/revisions"}],"predecessor-version":[{"id":1268,"href":"https:\/\/latijerayeldedal.com\/blog\/wp-json\/wp\/v2\/posts\/1172\/revisions\/1268"}],"wp:featuredmedia":[{"embeddable":true,"href":"https:\/\/latijerayeldedal.com\/blog\/wp-json\/wp\/v2\/media\/1173"}],"wp:attachment":[{"href":"https:\/\/latijerayeldedal.com\/blog\/wp-json\/wp\/v2\/media?parent=1172"}],"wp:term":[{"taxonomy":"category","embeddable":true,"href":"https:\/\/latijerayeldedal.com\/blog\/wp-json\/wp\/v2\/categories?post=1172"},{"taxonomy":"post_tag","embeddable":true,"href":"https:\/\/latijerayeldedal.com\/blog\/wp-json\/wp\/v2\/tags?post=1172"}],"curies":[{"name":"wp","href":"https:\/\/api.w.org\/{rel}","templated":true}]}}