{"id":1178,"date":"2024-10-22T17:39:43","date_gmt":"2024-10-22T15:39:43","guid":{"rendered":"https:\/\/latijerayeldedal.com\/blog\/?p=1178"},"modified":"2024-10-28T19:32:44","modified_gmt":"2024-10-28T18:32:44","slug":"monografico-de-aprendizaje-de-la-tecnica-chenilla","status":"publish","type":"post","link":"https:\/\/latijerayeldedal.com\/blog\/monografico-de-aprendizaje-de-la-tecnica-chenilla\/","title":{"rendered":"Monogr\u00e1fico de aprendizaje de la T\u00e9cnica Chenilla"},"content":{"rendered":"\n<p>En la mercer\u00eda <strong>La Tijera y el Dedal<\/strong> os hemos preparado un interesante <strong>monogr\u00e1fico<\/strong> para aprender la t\u00e9cnica <strong>Chenilla o Chenille aplicada al Patchwork<\/strong>.<\/p>\n\n\n\n<p>Este taller se realizar\u00e1 el pr\u00f3ximo <strong>s\u00e1bado 14 de marzo<\/strong>, de <strong>10:00 a 14:00 horas<\/strong>, y el precio incluye todo el <strong>material<\/strong> necesario. A media ma\u00f1ana, os invitamos a un caf\u00e9 para recargar energ\u00edas y continuar aprendiendo. En esta ocasi\u00f3n, hemos elegido un <strong>bolso\/neceser<\/strong> como proyecto, aunque la t\u00e9cnica Chenille puede aplicarse a una infinidad de proyectos de <strong>Patchwork<\/strong>.<\/p>\n\n\n\n<p>Para quienes os pregunt\u00e9is en qu\u00e9 consiste, la t\u00e9cnica <strong>Chenille<\/strong> utiliza varias capas de <strong>telas superpuestas<\/strong> que se cosen en l\u00edneas paralelas y luego se cortan entre las costuras (excepto la \u00faltima capa inferior). As\u00ed se consigue ese efecto tan \u00fanico y texturizado que pod\u00e9is ver en las muestras.<\/p>\n\n\n\n<p>Si&nbsp;t\u00fa&nbsp;quieres&nbsp;<strong>aprender&nbsp;<\/strong>a realizar labores c\u00f3mo esta,&nbsp;<a href=\"https:\/\/latijerayeldedal.com\/content\/6-sobre-nosotras\">ap\u00fantate&nbsp;<\/a>a nuestros cursos y talleres especiales. Visita nuestra&nbsp;<a href=\"https:\/\/www.google.com\/search?gs_ssp=eJzj4tVP1zc0TM7OrkwrSykxYLRSMahIMTG0sDQGQlMDIDC0MqhISjEzTkxNSzVKSjI2SDI38xLJSVQoycxKLUpUqFRIzVFISU1JzAEAMXoWTA&amp;q=la+tijera+y+el+dedal&amp;oq=la+ti&amp;gs_lcrp=EgZjaHJvbWUqFQgBEC4YJxivARjHARiABBiKBRiOBTIPCAAQIxgnGOMCGIAEGIoFMhUIARAuGCcYrwEYxwEYgAQYigUYjgUyBwgCEC4YgAQyBwgDEC4YgAQyBggEEEUYPDIGCAUQRRg8MgYIBhBFGD0yBggHEEUYQdIBCDE5MjBqMGo3qAIAsAIA&amp;sourceid=chrome&amp;ie=UTF-8\">tienda<\/a>&nbsp;o escr\u00edbenos al&nbsp;<strong>Whatsapp&nbsp;<\/strong>o llamando al: <strong>682 237 572<\/strong><\/p>\n\n\n\n<p>Entrada del 27 de febrero de 2015 para nuestro <strong>Retroblog<\/strong><\/p>\n\n\n<div class=\"wp-block-image\">\n<figure class=\"aligncenter\"><img decoding=\"async\" src=\"https:\/\/blogger.googleusercontent.com\/img\/b\/R29vZ2xl\/AVvXsEj7TeboBaIi_F0U6fslslYiIJGxn-VJcA5SacJQVK2A86xhIe6rtF-OdjydgFb_2UCV4IWmU_NkY4K1YUXKAANc93D7UEnpJLtFhnTPhVBhaZV27_f7ZgtxmgDy0asJSlhWXoAi-Zx7H_7i\/s1600\/Bolso20150225_162143.jpg\" alt=\"Monogr\u00e1fico de aprendizaje de la T\u00e9cnica Chenilla\"\/><\/figure>\n<\/div>\n\n<div class=\"wp-block-image\">\n<figure class=\"aligncenter\"><img decoding=\"async\" src=\"https:\/\/blogger.googleusercontent.com\/img\/b\/R29vZ2xl\/AVvXsEjy1Rw0wmDmsbPF3l_QBk8SaNZAAwiJP8N6K1RAHGfakvopkOwjeqrsAogd7oHvjtBn6-vyHsM2nXWV5X5pRTKO1NlBdizbI95OWf2BH0WD7rWLduBtypfjdyVOBSOO7RwfqLkZqRkgJWl_\/s1600\/Bolso_20150225_162251.jpg\" alt=\"Monogr\u00e1fico de aprendizaje de la T\u00e9cnica Chenilla\"\/><\/figure>\n<\/div>\n\n<div class=\"wp-block-image\">\n<figure class=\"aligncenter\"><img decoding=\"async\" src=\"https:\/\/blogger.googleusercontent.com\/img\/b\/R29vZ2xl\/AVvXsEj73v3-El5za_AKWkTeeoSH5GpRQbhsD-SVg8IVbHaJHhhdeBH9XY_TiBqLc4tFCKthuJbGw72FV1U-m98XSOOru2vdQ9okKnvhl6PaUzNJ6wx5OA9IWWZwrfzW-xMt3JDPHhwTJu9OmbB2\/s1600\/BolsoSin+ti%CC%81tulo-1.jpg\" alt=\"Monogr\u00e1fico de aprendizaje de la T\u00e9cnica Chenilla\"\/><\/figure>\n<\/div>\n\n<div class=\"wp-block-image\">\n<figure class=\"aligncenter\"><img decoding=\"async\" src=\"https:\/\/blogger.googleusercontent.com\/img\/b\/R29vZ2xl\/AVvXsEi4cNc8Rp-hbmIC3x_tXbOzbfWsz-Edi1Q1ksSc2gEmj1twUjrfeaA9TkNonkdbNDoFykOUXAI2cmysMfqOkRHd-PRwHNmYjIkyGodVPh7fRgjMYWRubi-xUTeXW_1OcEOH_SRw9v8TRdMf\/s1600\/BolsoSin+ti%CC%81tulo-2.jpg\" alt=\"\"\/><\/figure>\n<\/div>","protected":false},"excerpt":{"rendered":"<p>En la mercer\u00eda La Tijera y el Dedal os hemos preparado un interesante monogr\u00e1fico para aprender la t\u00e9cnica Chenilla o Chenille aplicada al Patchwork. Este taller se realizar\u00e1 el pr\u00f3ximo s\u00e1bado 14 de marzo, de 10:00 a 14:00 horas, y el precio incluye todo el material necesario. A media ma\u00f1ana, os invitamos a un caf\u00e9 [&hellip;]<\/p>\n","protected":false},"author":2,"featured_media":1179,"comment_status":"open","ping_status":"open","sticky":false,"template":"","format":"standard","meta":{"_acf_changed":false,"footnotes":""},"categories":[62,18,35],"tags":[65,27,84,40],"class_list":["post-1178","post","type-post","status-publish","format-standard","has-post-thumbnail","hentry","category-costura-creativa","category-monograficos","category-patchwork","tag-costura-creativa","tag-handmade","tag-monograficos-2","tag-patchwork"],"acf":[],"yoast_head":"<!-- This site is optimized with the Yoast SEO plugin v23.5 - https:\/\/yoast.com\/wordpress\/plugins\/seo\/ -->\n<title>Monogr\u00e1fico de aprendizaje de la T\u00e9cnica Chenilla - El Retroblog de la Tijera y el Dedal<\/title>\n<meta name=\"description\" content=\"En La Tijera y el Dedal hemos organizado un monogr\u00e1fico de aprendizaje de la t\u00e9cnica Chenilla aplicada al patchwork.\" \/>\n<meta name=\"robots\" content=\"noindex, follow, max-snippet:-1, max-image-preview:large, max-video-preview:-1\" \/>\n<meta property=\"og:locale\" content=\"es_ES\" \/>\n<meta property=\"og:type\" content=\"article\" \/>\n<meta property=\"og:title\" content=\"Monogr\u00e1fico de aprendizaje de la T\u00e9cnica Chenilla - El Retroblog de la Tijera y el Dedal\" \/>\n<meta property=\"og:description\" content=\"En La Tijera y el Dedal hemos organizado un monogr\u00e1fico de aprendizaje de la t\u00e9cnica Chenilla aplicada al patchwork.\" \/>\n<meta property=\"og:url\" content=\"https:\/\/latijerayeldedal.com\/blog\/monografico-de-aprendizaje-de-la-tecnica-chenilla\/\" \/>\n<meta property=\"og:site_name\" content=\"El Retroblog de la Tijera y el Dedal\" \/>\n<meta property=\"article:author\" content=\"https:\/\/www.facebook.com\/LaTijerayelDedal\/\" \/>\n<meta property=\"article:published_time\" content=\"2024-10-22T15:39:43+00:00\" \/>\n<meta property=\"article:modified_time\" content=\"2024-10-28T18:32:44+00:00\" \/>\n<meta property=\"og:image\" content=\"https:\/\/latijerayeldedal.com\/blog\/wp-content\/uploads\/2024\/10\/Bolso20150225_162143.jpg\" \/>\n\t<meta property=\"og:image:width\" content=\"800\" \/>\n\t<meta property=\"og:image:height\" content=\"424\" \/>\n\t<meta property=\"og:image:type\" content=\"image\/jpeg\" \/>\n<meta name=\"author\" content=\"latijerayeldedal\" \/>\n<meta name=\"twitter:card\" content=\"summary_large_image\" \/>\n<meta name=\"twitter:label1\" content=\"Escrito por\" \/>\n\t<meta name=\"twitter:data1\" content=\"latijerayeldedal\" \/>\n\t<meta name=\"twitter:label2\" content=\"Tiempo de lectura\" \/>\n\t<meta name=\"twitter:data2\" content=\"2 minutos\" \/>\n<script type=\"application\/ld+json\" class=\"yoast-schema-graph\">{\"@context\":\"https:\/\/schema.org\",\"@graph\":[{\"@type\":\"WebPage\",\"@id\":\"https:\/\/latijerayeldedal.com\/blog\/monografico-de-aprendizaje-de-la-tecnica-chenilla\/\",\"url\":\"https:\/\/latijerayeldedal.com\/blog\/monografico-de-aprendizaje-de-la-tecnica-chenilla\/\",\"name\":\"Monogr\u00e1fico de aprendizaje de la T\u00e9cnica Chenilla - El Retroblog de la Tijera y el Dedal\",\"isPartOf\":{\"@id\":\"https:\/\/latijerayeldedal.com\/blog\/#website\"},\"primaryImageOfPage\":{\"@id\":\"https:\/\/latijerayeldedal.com\/blog\/monografico-de-aprendizaje-de-la-tecnica-chenilla\/#primaryimage\"},\"image\":{\"@id\":\"https:\/\/latijerayeldedal.com\/blog\/monografico-de-aprendizaje-de-la-tecnica-chenilla\/#primaryimage\"},\"thumbnailUrl\":\"https:\/\/latijerayeldedal.com\/blog\/wp-content\/uploads\/2024\/10\/Bolso20150225_162143.jpg\",\"datePublished\":\"2024-10-22T15:39:43+00:00\",\"dateModified\":\"2024-10-28T18:32:44+00:00\",\"author\":{\"@id\":\"https:\/\/latijerayeldedal.com\/blog\/#\/schema\/person\/5a833ad857bd76f33fc76acba3b3f810\"},\"description\":\"En La Tijera y el Dedal hemos organizado un monogr\u00e1fico de aprendizaje de la t\u00e9cnica Chenilla aplicada al patchwork.\",\"breadcrumb\":{\"@id\":\"https:\/\/latijerayeldedal.com\/blog\/monografico-de-aprendizaje-de-la-tecnica-chenilla\/#breadcrumb\"},\"inLanguage\":\"es\",\"potentialAction\":[{\"@type\":\"ReadAction\",\"target\":[\"https:\/\/latijerayeldedal.com\/blog\/monografico-de-aprendizaje-de-la-tecnica-chenilla\/\"]}]},{\"@type\":\"ImageObject\",\"inLanguage\":\"es\",\"@id\":\"https:\/\/latijerayeldedal.com\/blog\/monografico-de-aprendizaje-de-la-tecnica-chenilla\/#primaryimage\",\"url\":\"https:\/\/latijerayeldedal.com\/blog\/wp-content\/uploads\/2024\/10\/Bolso20150225_162143.jpg\",\"contentUrl\":\"https:\/\/latijerayeldedal.com\/blog\/wp-content\/uploads\/2024\/10\/Bolso20150225_162143.jpg\",\"width\":800,\"height\":424},{\"@type\":\"BreadcrumbList\",\"@id\":\"https:\/\/latijerayeldedal.com\/blog\/monografico-de-aprendizaje-de-la-tecnica-chenilla\/#breadcrumb\",\"itemListElement\":[{\"@type\":\"ListItem\",\"position\":1,\"name\":\"Portada\",\"item\":\"https:\/\/latijerayeldedal.com\/blog\/\"},{\"@type\":\"ListItem\",\"position\":2,\"name\":\"Monogr\u00e1fico de aprendizaje de la T\u00e9cnica Chenilla\"}]},{\"@type\":\"WebSite\",\"@id\":\"https:\/\/latijerayeldedal.com\/blog\/#website\",\"url\":\"https:\/\/latijerayeldedal.com\/blog\/\",\"name\":\"El Retroblog de la Tijera y el Dedal\",\"description\":\"El Retroblog de La Tijera y el Dedal revive nuestra historia hasta el 1 de noviembre de 2011, cuando escribimos nuestro primera publicaci\u00f3n. Publicaremos contenido diario que nos llevar\u00e1 atr\u00e1s en el tiempo, recordando momentos, labores y ocurrencias que han ido formado nuestra comunidad. \u00danete a este viaje nost\u00e1lgico de creatividad y recuerdos.\",\"potentialAction\":[{\"@type\":\"SearchAction\",\"target\":{\"@type\":\"EntryPoint\",\"urlTemplate\":\"https:\/\/latijerayeldedal.com\/blog\/?s={search_term_string}\"},\"query-input\":{\"@type\":\"PropertyValueSpecification\",\"valueRequired\":true,\"valueName\":\"search_term_string\"}}],\"inLanguage\":\"es\"},{\"@type\":\"Person\",\"@id\":\"https:\/\/latijerayeldedal.com\/blog\/#\/schema\/person\/5a833ad857bd76f33fc76acba3b3f810\",\"name\":\"latijerayeldedal\",\"image\":{\"@type\":\"ImageObject\",\"inLanguage\":\"es\",\"@id\":\"https:\/\/latijerayeldedal.com\/blog\/#\/schema\/person\/image\/\",\"url\":\"https:\/\/secure.gravatar.com\/avatar\/1ca3b39db033dbb724c1cf5aa644cb7e72c5705ca5972f7ed7afca0805c7b64d?s=96&d=mm&r=g\",\"contentUrl\":\"https:\/\/secure.gravatar.com\/avatar\/1ca3b39db033dbb724c1cf5aa644cb7e72c5705ca5972f7ed7afca0805c7b64d?s=96&d=mm&r=g\",\"caption\":\"latijerayeldedal\"},\"sameAs\":[\"https:\/\/latijerayeldedal.com\/\",\"https:\/\/www.facebook.com\/LaTijerayelDedal\/\",\"https:\/\/www.instagram.com\/latijerayeldedal\/\",\"https:\/\/www.linkedin.com\/company\/la-tijera-y-el-dedal\/\",\"https:\/\/www.pinterest.es\/latijerayeldedal\/\"],\"url\":\"https:\/\/latijerayeldedal.com\/blog\/author\/latijerayeldedal\/\"}]}<\/script>\n<!-- \/ Yoast SEO plugin. -->","yoast_head_json":{"title":"Monogr\u00e1fico de aprendizaje de la T\u00e9cnica Chenilla - El Retroblog de la Tijera y el Dedal","description":"En La Tijera y el Dedal hemos organizado un monogr\u00e1fico de aprendizaje de la t\u00e9cnica Chenilla aplicada al patchwork.","robots":{"index":"noindex","follow":"follow","max-snippet":"max-snippet:-1","max-image-preview":"max-image-preview:large","max-video-preview":"max-video-preview:-1"},"og_locale":"es_ES","og_type":"article","og_title":"Monogr\u00e1fico de aprendizaje de la T\u00e9cnica Chenilla - El Retroblog de la Tijera y el Dedal","og_description":"En La Tijera y el Dedal hemos organizado un monogr\u00e1fico de aprendizaje de la t\u00e9cnica Chenilla aplicada al patchwork.","og_url":"https:\/\/latijerayeldedal.com\/blog\/monografico-de-aprendizaje-de-la-tecnica-chenilla\/","og_site_name":"El Retroblog de la Tijera y el Dedal","article_author":"https:\/\/www.facebook.com\/LaTijerayelDedal\/","article_published_time":"2024-10-22T15:39:43+00:00","article_modified_time":"2024-10-28T18:32:44+00:00","og_image":[{"width":800,"height":424,"url":"https:\/\/latijerayeldedal.com\/blog\/wp-content\/uploads\/2024\/10\/Bolso20150225_162143.jpg","type":"image\/jpeg"}],"author":"latijerayeldedal","twitter_card":"summary_large_image","twitter_misc":{"Escrito por":"latijerayeldedal","Tiempo de lectura":"2 minutos"},"schema":{"@context":"https:\/\/schema.org","@graph":[{"@type":"WebPage","@id":"https:\/\/latijerayeldedal.com\/blog\/monografico-de-aprendizaje-de-la-tecnica-chenilla\/","url":"https:\/\/latijerayeldedal.com\/blog\/monografico-de-aprendizaje-de-la-tecnica-chenilla\/","name":"Monogr\u00e1fico de aprendizaje de la T\u00e9cnica Chenilla - El Retroblog de la Tijera y el Dedal","isPartOf":{"@id":"https:\/\/latijerayeldedal.com\/blog\/#website"},"primaryImageOfPage":{"@id":"https:\/\/latijerayeldedal.com\/blog\/monografico-de-aprendizaje-de-la-tecnica-chenilla\/#primaryimage"},"image":{"@id":"https:\/\/latijerayeldedal.com\/blog\/monografico-de-aprendizaje-de-la-tecnica-chenilla\/#primaryimage"},"thumbnailUrl":"https:\/\/latijerayeldedal.com\/blog\/wp-content\/uploads\/2024\/10\/Bolso20150225_162143.jpg","datePublished":"2024-10-22T15:39:43+00:00","dateModified":"2024-10-28T18:32:44+00:00","author":{"@id":"https:\/\/latijerayeldedal.com\/blog\/#\/schema\/person\/5a833ad857bd76f33fc76acba3b3f810"},"description":"En La Tijera y el Dedal hemos organizado un monogr\u00e1fico de aprendizaje de la t\u00e9cnica Chenilla aplicada al patchwork.","breadcrumb":{"@id":"https:\/\/latijerayeldedal.com\/blog\/monografico-de-aprendizaje-de-la-tecnica-chenilla\/#breadcrumb"},"inLanguage":"es","potentialAction":[{"@type":"ReadAction","target":["https:\/\/latijerayeldedal.com\/blog\/monografico-de-aprendizaje-de-la-tecnica-chenilla\/"]}]},{"@type":"ImageObject","inLanguage":"es","@id":"https:\/\/latijerayeldedal.com\/blog\/monografico-de-aprendizaje-de-la-tecnica-chenilla\/#primaryimage","url":"https:\/\/latijerayeldedal.com\/blog\/wp-content\/uploads\/2024\/10\/Bolso20150225_162143.jpg","contentUrl":"https:\/\/latijerayeldedal.com\/blog\/wp-content\/uploads\/2024\/10\/Bolso20150225_162143.jpg","width":800,"height":424},{"@type":"BreadcrumbList","@id":"https:\/\/latijerayeldedal.com\/blog\/monografico-de-aprendizaje-de-la-tecnica-chenilla\/#breadcrumb","itemListElement":[{"@type":"ListItem","position":1,"name":"Portada","item":"https:\/\/latijerayeldedal.com\/blog\/"},{"@type":"ListItem","position":2,"name":"Monogr\u00e1fico de aprendizaje de la T\u00e9cnica Chenilla"}]},{"@type":"WebSite","@id":"https:\/\/latijerayeldedal.com\/blog\/#website","url":"https:\/\/latijerayeldedal.com\/blog\/","name":"El Retroblog de la Tijera y el Dedal","description":"El Retroblog de La Tijera y el Dedal revive nuestra historia hasta el 1 de noviembre de 2011, cuando escribimos nuestro primera publicaci\u00f3n. Publicaremos contenido diario que nos llevar\u00e1 atr\u00e1s en el tiempo, recordando momentos, labores y ocurrencias que han ido formado nuestra comunidad. \u00danete a este viaje nost\u00e1lgico de creatividad y recuerdos.","potentialAction":[{"@type":"SearchAction","target":{"@type":"EntryPoint","urlTemplate":"https:\/\/latijerayeldedal.com\/blog\/?s={search_term_string}"},"query-input":{"@type":"PropertyValueSpecification","valueRequired":true,"valueName":"search_term_string"}}],"inLanguage":"es"},{"@type":"Person","@id":"https:\/\/latijerayeldedal.com\/blog\/#\/schema\/person\/5a833ad857bd76f33fc76acba3b3f810","name":"latijerayeldedal","image":{"@type":"ImageObject","inLanguage":"es","@id":"https:\/\/latijerayeldedal.com\/blog\/#\/schema\/person\/image\/","url":"https:\/\/secure.gravatar.com\/avatar\/1ca3b39db033dbb724c1cf5aa644cb7e72c5705ca5972f7ed7afca0805c7b64d?s=96&d=mm&r=g","contentUrl":"https:\/\/secure.gravatar.com\/avatar\/1ca3b39db033dbb724c1cf5aa644cb7e72c5705ca5972f7ed7afca0805c7b64d?s=96&d=mm&r=g","caption":"latijerayeldedal"},"sameAs":["https:\/\/latijerayeldedal.com\/","https:\/\/www.facebook.com\/LaTijerayelDedal\/","https:\/\/www.instagram.com\/latijerayeldedal\/","https:\/\/www.linkedin.com\/company\/la-tijera-y-el-dedal\/","https:\/\/www.pinterest.es\/latijerayeldedal\/"],"url":"https:\/\/latijerayeldedal.com\/blog\/author\/latijerayeldedal\/"}]}},"_links":{"self":[{"href":"https:\/\/latijerayeldedal.com\/blog\/wp-json\/wp\/v2\/posts\/1178","targetHints":{"allow":["GET"]}}],"collection":[{"href":"https:\/\/latijerayeldedal.com\/blog\/wp-json\/wp\/v2\/posts"}],"about":[{"href":"https:\/\/latijerayeldedal.com\/blog\/wp-json\/wp\/v2\/types\/post"}],"author":[{"embeddable":true,"href":"https:\/\/latijerayeldedal.com\/blog\/wp-json\/wp\/v2\/users\/2"}],"replies":[{"embeddable":true,"href":"https:\/\/latijerayeldedal.com\/blog\/wp-json\/wp\/v2\/comments?post=1178"}],"version-history":[{"count":2,"href":"https:\/\/latijerayeldedal.com\/blog\/wp-json\/wp\/v2\/posts\/1178\/revisions"}],"predecessor-version":[{"id":1271,"href":"https:\/\/latijerayeldedal.com\/blog\/wp-json\/wp\/v2\/posts\/1178\/revisions\/1271"}],"wp:featuredmedia":[{"embeddable":true,"href":"https:\/\/latijerayeldedal.com\/blog\/wp-json\/wp\/v2\/media\/1179"}],"wp:attachment":[{"href":"https:\/\/latijerayeldedal.com\/blog\/wp-json\/wp\/v2\/media?parent=1178"}],"wp:term":[{"taxonomy":"category","embeddable":true,"href":"https:\/\/latijerayeldedal.com\/blog\/wp-json\/wp\/v2\/categories?post=1178"},{"taxonomy":"post_tag","embeddable":true,"href":"https:\/\/latijerayeldedal.com\/blog\/wp-json\/wp\/v2\/tags?post=1178"}],"curies":[{"name":"wp","href":"https:\/\/api.w.org\/{rel}","templated":true}]}}