{"id":1312,"date":"2024-12-17T12:22:06","date_gmt":"2024-12-17T11:22:06","guid":{"rendered":"https:\/\/latijerayeldedal.com\/blog\/?p=1312"},"modified":"2024-12-17T12:22:07","modified_gmt":"2024-12-17T11:22:07","slug":"la-increible-colcha-de-maribel","status":"publish","type":"post","link":"https:\/\/latijerayeldedal.com\/blog\/la-increible-colcha-de-maribel\/","title":{"rendered":"La incre\u00edble colcha de Maribel"},"content":{"rendered":"\n<p>Hoy os traemos uno de los proyectos m\u00e1s incre\u00edbles y bonitos que os hemos presentado. Se trata de una enorme <strong>colcha<\/strong> de casi dos metros de alto que ha realizado Maribel. Lo impresionante de este proyecto es la imaginaci\u00f3n que ha tenido Maribel para crear, desde un panel, una original <strong>colcha<\/strong>. Es un cuadro que est\u00e1 dentro de un cuadro, podr\u00edamos decir. El resto de componentes alrededor del panel, que es de la serie <em>&#8216;It&#8217;s elementary&#8217;<\/em> dise\u00f1ada por Jacqueline Paton, guardan una perfecta armon\u00eda. Lo que veis tiene un mont\u00f3n de horas de trabajo, con un detalle detr\u00e1s de otro. Los campos est\u00e1n <strong>acolchados a m\u00e1quina<\/strong> para crear la sensaci\u00f3n de relieve en los surcos. Lo mismo sucede con las nubes, los caminos, las casas, las flores, el buz\u00f3n, etc. Nos deja sin palabras. Durante un tiempo tuvimos la suerte de tenerla colgada en la zona de trabajo de <strong>la mercer\u00eda la Tijera y el Dedal<\/strong>, y no pas\u00f3 desapercibida. Enhorabuena para Maribel. \u00a1Nos chifla!<\/p>\n\n\n\n<p>Si&nbsp;t\u00fa&nbsp;quieres&nbsp;<strong>aprender&nbsp;<\/strong>a realizar labores c\u00f3mo esta,&nbsp;<a href=\"https:\/\/latijerayeldedal.com\/content\/6-sobre-nosotras\">ap\u00fantate&nbsp;<\/a>a nuestros cursos y talleres especiales. Visita nuestra&nbsp;<a href=\"https:\/\/www.google.com\/search?gs_ssp=eJzj4tVP1zc0TM7OrkwrSykxYLRSMahIMTG0sDQGQlMDIDC0MqhISjEzTkxNSzVKSjI2SDI38xLJSVQoycxKLUpUqFRIzVFISU1JzAEAMXoWTA&amp;q=la+tijera+y+el+dedal&amp;oq=la+ti&amp;gs_lcrp=EgZjaHJvbWUqFQgBEC4YJxivARjHARiABBiKBRiOBTIPCAAQIxgnGOMCGIAEGIoFMhUIARAuGCcYrwEYxwEYgAQYigUYjgUyBwgCEC4YgAQyBwgDEC4YgAQyBggEEEUYPDIGCAUQRRg8MgYIBhBFGD0yBggHEEUYQdIBCDE5MjBqMGo3qAIAsAIA&amp;sourceid=chrome&amp;ie=UTF-8\">tienda<\/a>&nbsp;o escr\u00edbenos al&nbsp;<strong>Whatsapp&nbsp;<\/strong>o llamando al: <strong>682 237 572<\/strong><\/p>\n\n\n\n<p>Entrada del 16 de noviembre de 2014 para nuestro <strong>Retroblog<\/strong><\/p>\n\n\n<div class=\"wp-block-image\">\n<figure class=\"aligncenter\"><img decoding=\"async\" src=\"https:\/\/blogger.googleusercontent.com\/img\/b\/R29vZ2xl\/AVvXsEgaV08rVmp68RtLR8f1s8hVGP1SzW0UNWkrQwaTUZjjDz52-L9riKwEOE8F-zqEATVaimR1QN_VFEMH1ROxS06vM38eLmRCwO0xhLza_FpnFudsphwFttj6LY9Lu92dIrpwrBFlqLObM7ZT\/s1600\/colcha+acabada.jpg\" alt=\"La incre\u00edble colcha de Maribel\"\/><\/figure>\n<\/div>\n\n<div class=\"wp-block-image\">\n<figure class=\"aligncenter\"><img decoding=\"async\" src=\"https:\/\/blogger.googleusercontent.com\/img\/b\/R29vZ2xl\/AVvXsEiIw7pk_n52Vp1hZYRr3Ncxd9rPj-HohnLEU-rKH4UyRx9lhmnbQuuK-d5yVhh50OK0vi0oR95hi8asTYMrm4trfunp0cCC0fGA3XpZ6qISjYJQeyL5H9GfRvqEMjEGSETQyucy-52kgtK0\/s1600\/DSC_5099.JPG\" alt=\"La incre\u00edble colcha de Maribel\"\/><\/figure>\n<\/div>\n\n<div class=\"wp-block-image\">\n<figure class=\"aligncenter\"><img decoding=\"async\" src=\"https:\/\/blogger.googleusercontent.com\/img\/b\/R29vZ2xl\/AVvXsEiQcsmmFJWaq2IvUdeN0iUcRqd7mVMx4wKzzTG2dVkU-8Gp_2OcOC7PzAs1CJwebQ7cf-Pnc6nT-O_OYQ2PhIYYH-uVtoTLzbUFxzrrR1dfOiO1E4wtQTcSBILt-ADtkWkLVUnLVIFfLAcV\/s1600\/DSC_5100.JPG\" alt=\"La incre\u00edble colcha de Maribel\"\/><\/figure>\n<\/div>\n\n<div class=\"wp-block-image\">\n<figure class=\"aligncenter\"><img decoding=\"async\" src=\"https:\/\/blogger.googleusercontent.com\/img\/b\/R29vZ2xl\/AVvXsEgMYCO1gNCToCiJkjcsldE6yE3wjHwPwvNOqTJPnuaQIFTz0CummHTDZoLjWz_orrcyiiEg8VjWBIzgs3fD7DD-FnZmlFyWvJyNEQ3bBP_nt_xh7vjAlYpXkYWXmxOV0m2w71kI4ZfkdIml\/s1600\/DSC_5102.JPG\" alt=\"La incre\u00edble colcha de Maribel\"\/><\/figure>\n<\/div>\n\n<div class=\"wp-block-image\">\n<figure class=\"aligncenter\"><img decoding=\"async\" src=\"https:\/\/blogger.googleusercontent.com\/img\/b\/R29vZ2xl\/AVvXsEipBE5f28H-dGUOEK50PyZPm9hFLp616Q2Ox3kyollstb5wzaStEQ_5Bb6kKJgyxxbXSv7QuU92lG2gwcjQIeq6pQcFYWLrMSTrAfmsZjUMHr2OJsSchFo3j5JAPurHFHjBTln6rv6HL_VO\/s1600\/DSC_5104.JPG\" alt=\"\"\/><\/figure>\n<\/div>\n\n<div class=\"wp-block-image\">\n<figure class=\"aligncenter\"><img decoding=\"async\" src=\"https:\/\/blogger.googleusercontent.com\/img\/b\/R29vZ2xl\/AVvXsEhVZWF9f2Qe1GxMxI9MJO8evR2iB-IPCGfkhS_o7RzPDKimaC01S40wEyVcevl2fxonEPAFyEYvCSuCvj9ndiBe_GGqp59ZxlKL5q76ddNzbGWH_QNF89VCqwTJaXUW8LZ-n3E4kubJwx3R\/s1600\/DSC_5106.JPG\" alt=\"\"\/><\/figure>\n<\/div>\n\n<div class=\"wp-block-image\">\n<figure class=\"aligncenter\"><img decoding=\"async\" src=\"https:\/\/blogger.googleusercontent.com\/img\/b\/R29vZ2xl\/AVvXsEiYvtPUPG5MZhqHWtC0QbPQYU0_vrMMNhFe7vaJ-eC96Yv8D0lLn9zap6CY031-iy3kI0oRS25eiH6xfstYGSc4bGNomsEphRIH2s66vh1n3JWSF0dIZlcGyYqDLddJnhSXq7NZDPO4VhU5\/s1600\/DSC_5107.JPG\" alt=\"\"\/><\/figure>\n<\/div>\n\n<div class=\"wp-block-image\">\n<figure class=\"aligncenter\"><img decoding=\"async\" src=\"https:\/\/blogger.googleusercontent.com\/img\/b\/R29vZ2xl\/AVvXsEhoeUjha4LOuvl5CN69yXGgOGvwPjBPWH6Q9rKECVjqV7GbEapi8M73Y4UUtMFn7Gz1aoXNBRfX2bEAzLK3pH8gkNGjP0_uYQH_LVYeBJS9ou5AQfTGQLwsTYaYpRmRzBp0AVNHsr9-tyi1\/s1600\/DSC_5109.JPG\" alt=\"\"\/><\/figure>\n<\/div>","protected":false},"excerpt":{"rendered":"<p>Hoy os traemos uno de los proyectos m\u00e1s incre\u00edbles y bonitos que os hemos presentado. Se trata de una enorme colcha de casi dos metros de alto que ha realizado Maribel. Lo impresionante de este proyecto es la imaginaci\u00f3n que ha tenido Maribel para crear, desde un panel, una original colcha. Es un cuadro que [&hellip;]<\/p>\n","protected":false},"author":2,"featured_media":1313,"comment_status":"open","ping_status":"open","sticky":false,"template":"","format":"standard","meta":{"_acf_changed":false,"footnotes":""},"categories":[59,62,26,35],"tags":[80,65,27,40],"class_list":["post-1312","post","type-post","status-publish","format-standard","has-post-thumbnail","hentry","category-colchas","category-costura-creativa","category-handmade","category-patchwork","tag-colchas","tag-costura-creativa","tag-handmade","tag-patchwork"],"acf":[],"yoast_head":"<!-- This site is optimized with the Yoast SEO plugin v23.5 - https:\/\/yoast.com\/wordpress\/plugins\/seo\/ -->\n<title>La incre\u00edble colcha de Maribel - El Retroblog de la Tijera y el Dedal<\/title>\n<meta name=\"description\" content=\"Maribel crea una original colcha con detalles armoniosos y acolchados a m\u00e1quina, destacando por su creatividad e imaginaci\u00f3n.\" \/>\n<meta name=\"robots\" content=\"noindex, follow, max-snippet:-1, max-image-preview:large, max-video-preview:-1\" \/>\n<meta property=\"og:locale\" content=\"es_ES\" \/>\n<meta property=\"og:type\" content=\"article\" \/>\n<meta property=\"og:title\" content=\"La incre\u00edble colcha de Maribel - El Retroblog de la Tijera y el Dedal\" \/>\n<meta property=\"og:description\" content=\"Maribel crea una original colcha con detalles armoniosos y acolchados a m\u00e1quina, destacando por su creatividad e imaginaci\u00f3n.\" \/>\n<meta property=\"og:url\" content=\"https:\/\/latijerayeldedal.com\/blog\/la-increible-colcha-de-maribel\/\" \/>\n<meta property=\"og:site_name\" content=\"El Retroblog de la Tijera y el Dedal\" \/>\n<meta property=\"article:author\" content=\"https:\/\/www.facebook.com\/LaTijerayelDedal\/\" \/>\n<meta property=\"article:published_time\" content=\"2024-12-17T11:22:06+00:00\" \/>\n<meta property=\"article:modified_time\" content=\"2024-12-17T11:22:07+00:00\" \/>\n<meta property=\"og:image\" content=\"https:\/\/latijerayeldedal.com\/blog\/wp-content\/uploads\/2024\/12\/colcha-acabada.jpg\" \/>\n\t<meta property=\"og:image:width\" content=\"1251\" \/>\n\t<meta property=\"og:image:height\" content=\"1600\" \/>\n\t<meta property=\"og:image:type\" content=\"image\/jpeg\" \/>\n<meta name=\"author\" content=\"latijerayeldedal\" \/>\n<meta name=\"twitter:card\" content=\"summary_large_image\" \/>\n<meta name=\"twitter:label1\" content=\"Escrito por\" \/>\n\t<meta name=\"twitter:data1\" content=\"latijerayeldedal\" \/>\n\t<meta name=\"twitter:label2\" content=\"Tiempo de lectura\" \/>\n\t<meta name=\"twitter:data2\" content=\"3 minutos\" \/>\n<script type=\"application\/ld+json\" class=\"yoast-schema-graph\">{\"@context\":\"https:\/\/schema.org\",\"@graph\":[{\"@type\":\"WebPage\",\"@id\":\"https:\/\/latijerayeldedal.com\/blog\/la-increible-colcha-de-maribel\/\",\"url\":\"https:\/\/latijerayeldedal.com\/blog\/la-increible-colcha-de-maribel\/\",\"name\":\"La incre\u00edble colcha de Maribel - El Retroblog de la Tijera y el Dedal\",\"isPartOf\":{\"@id\":\"https:\/\/latijerayeldedal.com\/blog\/#website\"},\"primaryImageOfPage\":{\"@id\":\"https:\/\/latijerayeldedal.com\/blog\/la-increible-colcha-de-maribel\/#primaryimage\"},\"image\":{\"@id\":\"https:\/\/latijerayeldedal.com\/blog\/la-increible-colcha-de-maribel\/#primaryimage\"},\"thumbnailUrl\":\"https:\/\/latijerayeldedal.com\/blog\/wp-content\/uploads\/2024\/12\/colcha-acabada.jpg\",\"datePublished\":\"2024-12-17T11:22:06+00:00\",\"dateModified\":\"2024-12-17T11:22:07+00:00\",\"author\":{\"@id\":\"https:\/\/latijerayeldedal.com\/blog\/#\/schema\/person\/5a833ad857bd76f33fc76acba3b3f810\"},\"description\":\"Maribel crea una original colcha con detalles armoniosos y acolchados a m\u00e1quina, destacando por su creatividad e imaginaci\u00f3n.\",\"breadcrumb\":{\"@id\":\"https:\/\/latijerayeldedal.com\/blog\/la-increible-colcha-de-maribel\/#breadcrumb\"},\"inLanguage\":\"es\",\"potentialAction\":[{\"@type\":\"ReadAction\",\"target\":[\"https:\/\/latijerayeldedal.com\/blog\/la-increible-colcha-de-maribel\/\"]}]},{\"@type\":\"ImageObject\",\"inLanguage\":\"es\",\"@id\":\"https:\/\/latijerayeldedal.com\/blog\/la-increible-colcha-de-maribel\/#primaryimage\",\"url\":\"https:\/\/latijerayeldedal.com\/blog\/wp-content\/uploads\/2024\/12\/colcha-acabada.jpg\",\"contentUrl\":\"https:\/\/latijerayeldedal.com\/blog\/wp-content\/uploads\/2024\/12\/colcha-acabada.jpg\",\"width\":1251,\"height\":1600},{\"@type\":\"BreadcrumbList\",\"@id\":\"https:\/\/latijerayeldedal.com\/blog\/la-increible-colcha-de-maribel\/#breadcrumb\",\"itemListElement\":[{\"@type\":\"ListItem\",\"position\":1,\"name\":\"Portada\",\"item\":\"https:\/\/latijerayeldedal.com\/blog\/\"},{\"@type\":\"ListItem\",\"position\":2,\"name\":\"La incre\u00edble colcha de Maribel\"}]},{\"@type\":\"WebSite\",\"@id\":\"https:\/\/latijerayeldedal.com\/blog\/#website\",\"url\":\"https:\/\/latijerayeldedal.com\/blog\/\",\"name\":\"El Retroblog de la Tijera y el Dedal\",\"description\":\"El Retroblog de La Tijera y el Dedal revive nuestra historia hasta el 1 de noviembre de 2011, cuando escribimos nuestro primera publicaci\u00f3n. Publicaremos contenido diario que nos llevar\u00e1 atr\u00e1s en el tiempo, recordando momentos, labores y ocurrencias que han ido formado nuestra comunidad. \u00danete a este viaje nost\u00e1lgico de creatividad y recuerdos.\",\"potentialAction\":[{\"@type\":\"SearchAction\",\"target\":{\"@type\":\"EntryPoint\",\"urlTemplate\":\"https:\/\/latijerayeldedal.com\/blog\/?s={search_term_string}\"},\"query-input\":{\"@type\":\"PropertyValueSpecification\",\"valueRequired\":true,\"valueName\":\"search_term_string\"}}],\"inLanguage\":\"es\"},{\"@type\":\"Person\",\"@id\":\"https:\/\/latijerayeldedal.com\/blog\/#\/schema\/person\/5a833ad857bd76f33fc76acba3b3f810\",\"name\":\"latijerayeldedal\",\"image\":{\"@type\":\"ImageObject\",\"inLanguage\":\"es\",\"@id\":\"https:\/\/latijerayeldedal.com\/blog\/#\/schema\/person\/image\/\",\"url\":\"https:\/\/secure.gravatar.com\/avatar\/1ca3b39db033dbb724c1cf5aa644cb7e72c5705ca5972f7ed7afca0805c7b64d?s=96&d=mm&r=g\",\"contentUrl\":\"https:\/\/secure.gravatar.com\/avatar\/1ca3b39db033dbb724c1cf5aa644cb7e72c5705ca5972f7ed7afca0805c7b64d?s=96&d=mm&r=g\",\"caption\":\"latijerayeldedal\"},\"sameAs\":[\"https:\/\/latijerayeldedal.com\/\",\"https:\/\/www.facebook.com\/LaTijerayelDedal\/\",\"https:\/\/www.instagram.com\/latijerayeldedal\/\",\"https:\/\/www.linkedin.com\/company\/la-tijera-y-el-dedal\/\",\"https:\/\/www.pinterest.es\/latijerayeldedal\/\"],\"url\":\"https:\/\/latijerayeldedal.com\/blog\/author\/latijerayeldedal\/\"}]}<\/script>\n<!-- \/ Yoast SEO plugin. -->","yoast_head_json":{"title":"La incre\u00edble colcha de Maribel - El Retroblog de la Tijera y el Dedal","description":"Maribel crea una original colcha con detalles armoniosos y acolchados a m\u00e1quina, destacando por su creatividad e imaginaci\u00f3n.","robots":{"index":"noindex","follow":"follow","max-snippet":"max-snippet:-1","max-image-preview":"max-image-preview:large","max-video-preview":"max-video-preview:-1"},"og_locale":"es_ES","og_type":"article","og_title":"La incre\u00edble colcha de Maribel - El Retroblog de la Tijera y el Dedal","og_description":"Maribel crea una original colcha con detalles armoniosos y acolchados a m\u00e1quina, destacando por su creatividad e imaginaci\u00f3n.","og_url":"https:\/\/latijerayeldedal.com\/blog\/la-increible-colcha-de-maribel\/","og_site_name":"El Retroblog de la Tijera y el Dedal","article_author":"https:\/\/www.facebook.com\/LaTijerayelDedal\/","article_published_time":"2024-12-17T11:22:06+00:00","article_modified_time":"2024-12-17T11:22:07+00:00","og_image":[{"width":1251,"height":1600,"url":"https:\/\/latijerayeldedal.com\/blog\/wp-content\/uploads\/2024\/12\/colcha-acabada.jpg","type":"image\/jpeg"}],"author":"latijerayeldedal","twitter_card":"summary_large_image","twitter_misc":{"Escrito por":"latijerayeldedal","Tiempo de lectura":"3 minutos"},"schema":{"@context":"https:\/\/schema.org","@graph":[{"@type":"WebPage","@id":"https:\/\/latijerayeldedal.com\/blog\/la-increible-colcha-de-maribel\/","url":"https:\/\/latijerayeldedal.com\/blog\/la-increible-colcha-de-maribel\/","name":"La incre\u00edble colcha de Maribel - El Retroblog de la Tijera y el Dedal","isPartOf":{"@id":"https:\/\/latijerayeldedal.com\/blog\/#website"},"primaryImageOfPage":{"@id":"https:\/\/latijerayeldedal.com\/blog\/la-increible-colcha-de-maribel\/#primaryimage"},"image":{"@id":"https:\/\/latijerayeldedal.com\/blog\/la-increible-colcha-de-maribel\/#primaryimage"},"thumbnailUrl":"https:\/\/latijerayeldedal.com\/blog\/wp-content\/uploads\/2024\/12\/colcha-acabada.jpg","datePublished":"2024-12-17T11:22:06+00:00","dateModified":"2024-12-17T11:22:07+00:00","author":{"@id":"https:\/\/latijerayeldedal.com\/blog\/#\/schema\/person\/5a833ad857bd76f33fc76acba3b3f810"},"description":"Maribel crea una original colcha con detalles armoniosos y acolchados a m\u00e1quina, destacando por su creatividad e imaginaci\u00f3n.","breadcrumb":{"@id":"https:\/\/latijerayeldedal.com\/blog\/la-increible-colcha-de-maribel\/#breadcrumb"},"inLanguage":"es","potentialAction":[{"@type":"ReadAction","target":["https:\/\/latijerayeldedal.com\/blog\/la-increible-colcha-de-maribel\/"]}]},{"@type":"ImageObject","inLanguage":"es","@id":"https:\/\/latijerayeldedal.com\/blog\/la-increible-colcha-de-maribel\/#primaryimage","url":"https:\/\/latijerayeldedal.com\/blog\/wp-content\/uploads\/2024\/12\/colcha-acabada.jpg","contentUrl":"https:\/\/latijerayeldedal.com\/blog\/wp-content\/uploads\/2024\/12\/colcha-acabada.jpg","width":1251,"height":1600},{"@type":"BreadcrumbList","@id":"https:\/\/latijerayeldedal.com\/blog\/la-increible-colcha-de-maribel\/#breadcrumb","itemListElement":[{"@type":"ListItem","position":1,"name":"Portada","item":"https:\/\/latijerayeldedal.com\/blog\/"},{"@type":"ListItem","position":2,"name":"La incre\u00edble colcha de Maribel"}]},{"@type":"WebSite","@id":"https:\/\/latijerayeldedal.com\/blog\/#website","url":"https:\/\/latijerayeldedal.com\/blog\/","name":"El Retroblog de la Tijera y el Dedal","description":"El Retroblog de La Tijera y el Dedal revive nuestra historia hasta el 1 de noviembre de 2011, cuando escribimos nuestro primera publicaci\u00f3n. Publicaremos contenido diario que nos llevar\u00e1 atr\u00e1s en el tiempo, recordando momentos, labores y ocurrencias que han ido formado nuestra comunidad. \u00danete a este viaje nost\u00e1lgico de creatividad y recuerdos.","potentialAction":[{"@type":"SearchAction","target":{"@type":"EntryPoint","urlTemplate":"https:\/\/latijerayeldedal.com\/blog\/?s={search_term_string}"},"query-input":{"@type":"PropertyValueSpecification","valueRequired":true,"valueName":"search_term_string"}}],"inLanguage":"es"},{"@type":"Person","@id":"https:\/\/latijerayeldedal.com\/blog\/#\/schema\/person\/5a833ad857bd76f33fc76acba3b3f810","name":"latijerayeldedal","image":{"@type":"ImageObject","inLanguage":"es","@id":"https:\/\/latijerayeldedal.com\/blog\/#\/schema\/person\/image\/","url":"https:\/\/secure.gravatar.com\/avatar\/1ca3b39db033dbb724c1cf5aa644cb7e72c5705ca5972f7ed7afca0805c7b64d?s=96&d=mm&r=g","contentUrl":"https:\/\/secure.gravatar.com\/avatar\/1ca3b39db033dbb724c1cf5aa644cb7e72c5705ca5972f7ed7afca0805c7b64d?s=96&d=mm&r=g","caption":"latijerayeldedal"},"sameAs":["https:\/\/latijerayeldedal.com\/","https:\/\/www.facebook.com\/LaTijerayelDedal\/","https:\/\/www.instagram.com\/latijerayeldedal\/","https:\/\/www.linkedin.com\/company\/la-tijera-y-el-dedal\/","https:\/\/www.pinterest.es\/latijerayeldedal\/"],"url":"https:\/\/latijerayeldedal.com\/blog\/author\/latijerayeldedal\/"}]}},"_links":{"self":[{"href":"https:\/\/latijerayeldedal.com\/blog\/wp-json\/wp\/v2\/posts\/1312","targetHints":{"allow":["GET"]}}],"collection":[{"href":"https:\/\/latijerayeldedal.com\/blog\/wp-json\/wp\/v2\/posts"}],"about":[{"href":"https:\/\/latijerayeldedal.com\/blog\/wp-json\/wp\/v2\/types\/post"}],"author":[{"embeddable":true,"href":"https:\/\/latijerayeldedal.com\/blog\/wp-json\/wp\/v2\/users\/2"}],"replies":[{"embeddable":true,"href":"https:\/\/latijerayeldedal.com\/blog\/wp-json\/wp\/v2\/comments?post=1312"}],"version-history":[{"count":1,"href":"https:\/\/latijerayeldedal.com\/blog\/wp-json\/wp\/v2\/posts\/1312\/revisions"}],"predecessor-version":[{"id":1314,"href":"https:\/\/latijerayeldedal.com\/blog\/wp-json\/wp\/v2\/posts\/1312\/revisions\/1314"}],"wp:featuredmedia":[{"embeddable":true,"href":"https:\/\/latijerayeldedal.com\/blog\/wp-json\/wp\/v2\/media\/1313"}],"wp:attachment":[{"href":"https:\/\/latijerayeldedal.com\/blog\/wp-json\/wp\/v2\/media?parent=1312"}],"wp:term":[{"taxonomy":"category","embeddable":true,"href":"https:\/\/latijerayeldedal.com\/blog\/wp-json\/wp\/v2\/categories?post=1312"},{"taxonomy":"post_tag","embeddable":true,"href":"https:\/\/latijerayeldedal.com\/blog\/wp-json\/wp\/v2\/tags?post=1312"}],"curies":[{"name":"wp","href":"https:\/\/api.w.org\/{rel}","templated":true}]}}