{"id":1319,"date":"2024-12-20T13:12:20","date_gmt":"2024-12-20T12:12:20","guid":{"rendered":"https:\/\/latijerayeldedal.com\/blog\/?p=1319"},"modified":"2024-12-20T13:12:30","modified_gmt":"2024-12-20T12:12:30","slug":"talleres-de-acolchado-a-maquina","status":"publish","type":"post","link":"https:\/\/latijerayeldedal.com\/blog\/talleres-de-acolchado-a-maquina\/","title":{"rendered":"Talleres de acolchado a m\u00e1quina"},"content":{"rendered":"\n<p>Para las pr\u00f3ximas semanas os hemos preparado los siguientes <strong>talleres de acolchado a m\u00e1quina<\/strong>, con dos opciones de horario para cada d\u00eda. Tres niveles para aprender desde lo m\u00e1s b\u00e1sico hasta lo m\u00e1s avanzado, sacando el mayor partido a tu propia m\u00e1quina.<\/p>\n\n\n\n<p>Si&nbsp;t\u00fa&nbsp;quieres&nbsp;<strong>aprender&nbsp;<\/strong>a realizar labores c\u00f3mo esta,&nbsp;<a href=\"https:\/\/latijerayeldedal.com\/content\/6-sobre-nosotras\">ap\u00fantate&nbsp;<\/a>a nuestros cursos y talleres especiales. Visita nuestra&nbsp;<a href=\"https:\/\/www.google.com\/search?gs_ssp=eJzj4tVP1zc0TM7OrkwrSykxYLRSMahIMTG0sDQGQlMDIDC0MqhISjEzTkxNSzVKSjI2SDI38xLJSVQoycxKLUpUqFRIzVFISU1JzAEAMXoWTA&amp;q=la+tijera+y+el+dedal&amp;oq=la+ti&amp;gs_lcrp=EgZjaHJvbWUqFQgBEC4YJxivARjHARiABBiKBRiOBTIPCAAQIxgnGOMCGIAEGIoFMhUIARAuGCcYrwEYxwEYgAQYigUYjgUyBwgCEC4YgAQyBwgDEC4YgAQyBggEEEUYPDIGCAUQRRg8MgYIBhBFGD0yBggHEEUYQdIBCDE5MjBqMGo3qAIAsAIA&amp;sourceid=chrome&amp;ie=UTF-8\">tienda<\/a>&nbsp;o escr\u00edbenos al&nbsp;<strong>Whatsapp&nbsp;<\/strong>o llamando al: <strong>682 237 572<\/strong><\/p>\n\n\n\n<p>Entrada del 6 de noviembre de 2014 para nuestro <strong>Retroblog<\/strong><\/p>\n\n\n<div class=\"wp-block-image\">\n<figure class=\"aligncenter size-large\"><img fetchpriority=\"high\" decoding=\"async\" width=\"1024\" height=\"678\" src=\"https:\/\/latijerayeldedal.com\/blog\/wp-content\/uploads\/2024\/12\/acolchado-a-maquina-1024x678.jpg\" alt=\"Talleres de acolchado a m\u00e1quina\" class=\"wp-image-1320\" srcset=\"https:\/\/latijerayeldedal.com\/blog\/wp-content\/uploads\/2024\/12\/acolchado-a-maquina-1024x678.jpg 1024w, https:\/\/latijerayeldedal.com\/blog\/wp-content\/uploads\/2024\/12\/acolchado-a-maquina-300x199.jpg 300w, https:\/\/latijerayeldedal.com\/blog\/wp-content\/uploads\/2024\/12\/acolchado-a-maquina-768x508.jpg 768w, https:\/\/latijerayeldedal.com\/blog\/wp-content\/uploads\/2024\/12\/acolchado-a-maquina-1536x1017.jpg 1536w, https:\/\/latijerayeldedal.com\/blog\/wp-content\/uploads\/2024\/12\/acolchado-a-maquina.jpg 1600w\" sizes=\"(max-width: 1024px) 100vw, 1024px\" \/><\/figure>\n<\/div>","protected":false},"excerpt":{"rendered":"<p>Para las pr\u00f3ximas semanas os hemos preparado los siguientes talleres de acolchado a m\u00e1quina, con dos opciones de horario para cada d\u00eda. Tres niveles para aprender desde lo m\u00e1s b\u00e1sico hasta lo m\u00e1s avanzado, sacando el mayor partido a tu propia m\u00e1quina. Si&nbsp;t\u00fa&nbsp;quieres&nbsp;aprender&nbsp;a realizar labores c\u00f3mo esta,&nbsp;ap\u00fantate&nbsp;a nuestros cursos y talleres especiales. Visita nuestra&nbsp;tienda&nbsp;o escr\u00edbenos [&hellip;]<\/p>\n","protected":false},"author":2,"featured_media":1320,"comment_status":"open","ping_status":"open","sticky":false,"template":"","format":"standard","meta":{"_acf_changed":false,"footnotes":""},"categories":[59,34,18],"tags":[94,53,84],"class_list":["post-1319","post","type-post","status-publish","format-standard","has-post-thumbnail","hentry","category-colchas","category-cursos-y-talleres","category-monograficos","tag-acolchado","tag-cursos-y-talleres","tag-monograficos-2"],"acf":[],"yoast_head":"<!-- This site is optimized with the Yoast SEO plugin v23.5 - https:\/\/yoast.com\/wordpress\/plugins\/seo\/ -->\n<title>Talleres de acolchado a m\u00e1quina - El Retroblog de la Tijera y el Dedal<\/title>\n<meta name=\"description\" content=\"Talleres de acolchado a m\u00e1quina en Alcorc\u00f3n con material incluido. Tres niveles para todos los p\u00fablicos. \u00a1Reserva ya!\" \/>\n<meta name=\"robots\" content=\"noindex, follow, max-snippet:-1, max-image-preview:large, max-video-preview:-1\" \/>\n<meta property=\"og:locale\" content=\"es_ES\" \/>\n<meta property=\"og:type\" content=\"article\" \/>\n<meta property=\"og:title\" content=\"Talleres de acolchado a m\u00e1quina - El Retroblog de la Tijera y el Dedal\" \/>\n<meta property=\"og:description\" content=\"Talleres de acolchado a m\u00e1quina en Alcorc\u00f3n con material incluido. Tres niveles para todos los p\u00fablicos. \u00a1Reserva ya!\" \/>\n<meta property=\"og:url\" content=\"https:\/\/latijerayeldedal.com\/blog\/talleres-de-acolchado-a-maquina\/\" \/>\n<meta property=\"og:site_name\" content=\"El Retroblog de la Tijera y el Dedal\" \/>\n<meta property=\"article:author\" content=\"https:\/\/www.facebook.com\/LaTijerayelDedal\/\" \/>\n<meta property=\"article:published_time\" content=\"2024-12-20T12:12:20+00:00\" \/>\n<meta property=\"article:modified_time\" content=\"2024-12-20T12:12:30+00:00\" \/>\n<meta property=\"og:image\" content=\"https:\/\/latijerayeldedal.com\/blog\/wp-content\/uploads\/2024\/12\/acolchado-a-maquina.jpg\" \/>\n\t<meta property=\"og:image:width\" content=\"1600\" \/>\n\t<meta property=\"og:image:height\" content=\"1059\" \/>\n\t<meta property=\"og:image:type\" content=\"image\/jpeg\" \/>\n<meta name=\"author\" content=\"latijerayeldedal\" \/>\n<meta name=\"twitter:card\" content=\"summary_large_image\" \/>\n<meta name=\"twitter:label1\" content=\"Escrito por\" \/>\n\t<meta name=\"twitter:data1\" content=\"latijerayeldedal\" \/>\n\t<meta name=\"twitter:label2\" content=\"Tiempo de lectura\" \/>\n\t<meta name=\"twitter:data2\" content=\"1 minuto\" \/>\n<script type=\"application\/ld+json\" class=\"yoast-schema-graph\">{\"@context\":\"https:\/\/schema.org\",\"@graph\":[{\"@type\":\"WebPage\",\"@id\":\"https:\/\/latijerayeldedal.com\/blog\/talleres-de-acolchado-a-maquina\/\",\"url\":\"https:\/\/latijerayeldedal.com\/blog\/talleres-de-acolchado-a-maquina\/\",\"name\":\"Talleres de acolchado a m\u00e1quina - El Retroblog de la Tijera y el Dedal\",\"isPartOf\":{\"@id\":\"https:\/\/latijerayeldedal.com\/blog\/#website\"},\"primaryImageOfPage\":{\"@id\":\"https:\/\/latijerayeldedal.com\/blog\/talleres-de-acolchado-a-maquina\/#primaryimage\"},\"image\":{\"@id\":\"https:\/\/latijerayeldedal.com\/blog\/talleres-de-acolchado-a-maquina\/#primaryimage\"},\"thumbnailUrl\":\"https:\/\/latijerayeldedal.com\/blog\/wp-content\/uploads\/2024\/12\/acolchado-a-maquina.jpg\",\"datePublished\":\"2024-12-20T12:12:20+00:00\",\"dateModified\":\"2024-12-20T12:12:30+00:00\",\"author\":{\"@id\":\"https:\/\/latijerayeldedal.com\/blog\/#\/schema\/person\/5a833ad857bd76f33fc76acba3b3f810\"},\"description\":\"Talleres de acolchado a m\u00e1quina en Alcorc\u00f3n con material incluido. Tres niveles para todos los p\u00fablicos. \u00a1Reserva ya!\",\"breadcrumb\":{\"@id\":\"https:\/\/latijerayeldedal.com\/blog\/talleres-de-acolchado-a-maquina\/#breadcrumb\"},\"inLanguage\":\"es\",\"potentialAction\":[{\"@type\":\"ReadAction\",\"target\":[\"https:\/\/latijerayeldedal.com\/blog\/talleres-de-acolchado-a-maquina\/\"]}]},{\"@type\":\"ImageObject\",\"inLanguage\":\"es\",\"@id\":\"https:\/\/latijerayeldedal.com\/blog\/talleres-de-acolchado-a-maquina\/#primaryimage\",\"url\":\"https:\/\/latijerayeldedal.com\/blog\/wp-content\/uploads\/2024\/12\/acolchado-a-maquina.jpg\",\"contentUrl\":\"https:\/\/latijerayeldedal.com\/blog\/wp-content\/uploads\/2024\/12\/acolchado-a-maquina.jpg\",\"width\":1600,\"height\":1059},{\"@type\":\"BreadcrumbList\",\"@id\":\"https:\/\/latijerayeldedal.com\/blog\/talleres-de-acolchado-a-maquina\/#breadcrumb\",\"itemListElement\":[{\"@type\":\"ListItem\",\"position\":1,\"name\":\"Portada\",\"item\":\"https:\/\/latijerayeldedal.com\/blog\/\"},{\"@type\":\"ListItem\",\"position\":2,\"name\":\"Talleres de acolchado a m\u00e1quina\"}]},{\"@type\":\"WebSite\",\"@id\":\"https:\/\/latijerayeldedal.com\/blog\/#website\",\"url\":\"https:\/\/latijerayeldedal.com\/blog\/\",\"name\":\"El Retroblog de la Tijera y el Dedal\",\"description\":\"El Retroblog de La Tijera y el Dedal revive nuestra historia hasta el 1 de noviembre de 2011, cuando escribimos nuestro primera publicaci\u00f3n. Publicaremos contenido diario que nos llevar\u00e1 atr\u00e1s en el tiempo, recordando momentos, labores y ocurrencias que han ido formado nuestra comunidad. \u00danete a este viaje nost\u00e1lgico de creatividad y recuerdos.\",\"potentialAction\":[{\"@type\":\"SearchAction\",\"target\":{\"@type\":\"EntryPoint\",\"urlTemplate\":\"https:\/\/latijerayeldedal.com\/blog\/?s={search_term_string}\"},\"query-input\":{\"@type\":\"PropertyValueSpecification\",\"valueRequired\":true,\"valueName\":\"search_term_string\"}}],\"inLanguage\":\"es\"},{\"@type\":\"Person\",\"@id\":\"https:\/\/latijerayeldedal.com\/blog\/#\/schema\/person\/5a833ad857bd76f33fc76acba3b3f810\",\"name\":\"latijerayeldedal\",\"image\":{\"@type\":\"ImageObject\",\"inLanguage\":\"es\",\"@id\":\"https:\/\/latijerayeldedal.com\/blog\/#\/schema\/person\/image\/\",\"url\":\"https:\/\/secure.gravatar.com\/avatar\/1ca3b39db033dbb724c1cf5aa644cb7e72c5705ca5972f7ed7afca0805c7b64d?s=96&d=mm&r=g\",\"contentUrl\":\"https:\/\/secure.gravatar.com\/avatar\/1ca3b39db033dbb724c1cf5aa644cb7e72c5705ca5972f7ed7afca0805c7b64d?s=96&d=mm&r=g\",\"caption\":\"latijerayeldedal\"},\"sameAs\":[\"https:\/\/latijerayeldedal.com\/\",\"https:\/\/www.facebook.com\/LaTijerayelDedal\/\",\"https:\/\/www.instagram.com\/latijerayeldedal\/\",\"https:\/\/www.linkedin.com\/company\/la-tijera-y-el-dedal\/\",\"https:\/\/www.pinterest.es\/latijerayeldedal\/\"],\"url\":\"https:\/\/latijerayeldedal.com\/blog\/author\/latijerayeldedal\/\"}]}<\/script>\n<!-- \/ Yoast SEO plugin. -->","yoast_head_json":{"title":"Talleres de acolchado a m\u00e1quina - El Retroblog de la Tijera y el Dedal","description":"Talleres de acolchado a m\u00e1quina en Alcorc\u00f3n con material incluido. Tres niveles para todos los p\u00fablicos. \u00a1Reserva ya!","robots":{"index":"noindex","follow":"follow","max-snippet":"max-snippet:-1","max-image-preview":"max-image-preview:large","max-video-preview":"max-video-preview:-1"},"og_locale":"es_ES","og_type":"article","og_title":"Talleres de acolchado a m\u00e1quina - El Retroblog de la Tijera y el Dedal","og_description":"Talleres de acolchado a m\u00e1quina en Alcorc\u00f3n con material incluido. Tres niveles para todos los p\u00fablicos. \u00a1Reserva ya!","og_url":"https:\/\/latijerayeldedal.com\/blog\/talleres-de-acolchado-a-maquina\/","og_site_name":"El Retroblog de la Tijera y el Dedal","article_author":"https:\/\/www.facebook.com\/LaTijerayelDedal\/","article_published_time":"2024-12-20T12:12:20+00:00","article_modified_time":"2024-12-20T12:12:30+00:00","og_image":[{"width":1600,"height":1059,"url":"https:\/\/latijerayeldedal.com\/blog\/wp-content\/uploads\/2024\/12\/acolchado-a-maquina.jpg","type":"image\/jpeg"}],"author":"latijerayeldedal","twitter_card":"summary_large_image","twitter_misc":{"Escrito por":"latijerayeldedal","Tiempo de lectura":"1 minuto"},"schema":{"@context":"https:\/\/schema.org","@graph":[{"@type":"WebPage","@id":"https:\/\/latijerayeldedal.com\/blog\/talleres-de-acolchado-a-maquina\/","url":"https:\/\/latijerayeldedal.com\/blog\/talleres-de-acolchado-a-maquina\/","name":"Talleres de acolchado a m\u00e1quina - El Retroblog de la Tijera y el Dedal","isPartOf":{"@id":"https:\/\/latijerayeldedal.com\/blog\/#website"},"primaryImageOfPage":{"@id":"https:\/\/latijerayeldedal.com\/blog\/talleres-de-acolchado-a-maquina\/#primaryimage"},"image":{"@id":"https:\/\/latijerayeldedal.com\/blog\/talleres-de-acolchado-a-maquina\/#primaryimage"},"thumbnailUrl":"https:\/\/latijerayeldedal.com\/blog\/wp-content\/uploads\/2024\/12\/acolchado-a-maquina.jpg","datePublished":"2024-12-20T12:12:20+00:00","dateModified":"2024-12-20T12:12:30+00:00","author":{"@id":"https:\/\/latijerayeldedal.com\/blog\/#\/schema\/person\/5a833ad857bd76f33fc76acba3b3f810"},"description":"Talleres de acolchado a m\u00e1quina en Alcorc\u00f3n con material incluido. Tres niveles para todos los p\u00fablicos. \u00a1Reserva ya!","breadcrumb":{"@id":"https:\/\/latijerayeldedal.com\/blog\/talleres-de-acolchado-a-maquina\/#breadcrumb"},"inLanguage":"es","potentialAction":[{"@type":"ReadAction","target":["https:\/\/latijerayeldedal.com\/blog\/talleres-de-acolchado-a-maquina\/"]}]},{"@type":"ImageObject","inLanguage":"es","@id":"https:\/\/latijerayeldedal.com\/blog\/talleres-de-acolchado-a-maquina\/#primaryimage","url":"https:\/\/latijerayeldedal.com\/blog\/wp-content\/uploads\/2024\/12\/acolchado-a-maquina.jpg","contentUrl":"https:\/\/latijerayeldedal.com\/blog\/wp-content\/uploads\/2024\/12\/acolchado-a-maquina.jpg","width":1600,"height":1059},{"@type":"BreadcrumbList","@id":"https:\/\/latijerayeldedal.com\/blog\/talleres-de-acolchado-a-maquina\/#breadcrumb","itemListElement":[{"@type":"ListItem","position":1,"name":"Portada","item":"https:\/\/latijerayeldedal.com\/blog\/"},{"@type":"ListItem","position":2,"name":"Talleres de acolchado a m\u00e1quina"}]},{"@type":"WebSite","@id":"https:\/\/latijerayeldedal.com\/blog\/#website","url":"https:\/\/latijerayeldedal.com\/blog\/","name":"El Retroblog de la Tijera y el Dedal","description":"El Retroblog de La Tijera y el Dedal revive nuestra historia hasta el 1 de noviembre de 2011, cuando escribimos nuestro primera publicaci\u00f3n. Publicaremos contenido diario que nos llevar\u00e1 atr\u00e1s en el tiempo, recordando momentos, labores y ocurrencias que han ido formado nuestra comunidad. \u00danete a este viaje nost\u00e1lgico de creatividad y recuerdos.","potentialAction":[{"@type":"SearchAction","target":{"@type":"EntryPoint","urlTemplate":"https:\/\/latijerayeldedal.com\/blog\/?s={search_term_string}"},"query-input":{"@type":"PropertyValueSpecification","valueRequired":true,"valueName":"search_term_string"}}],"inLanguage":"es"},{"@type":"Person","@id":"https:\/\/latijerayeldedal.com\/blog\/#\/schema\/person\/5a833ad857bd76f33fc76acba3b3f810","name":"latijerayeldedal","image":{"@type":"ImageObject","inLanguage":"es","@id":"https:\/\/latijerayeldedal.com\/blog\/#\/schema\/person\/image\/","url":"https:\/\/secure.gravatar.com\/avatar\/1ca3b39db033dbb724c1cf5aa644cb7e72c5705ca5972f7ed7afca0805c7b64d?s=96&d=mm&r=g","contentUrl":"https:\/\/secure.gravatar.com\/avatar\/1ca3b39db033dbb724c1cf5aa644cb7e72c5705ca5972f7ed7afca0805c7b64d?s=96&d=mm&r=g","caption":"latijerayeldedal"},"sameAs":["https:\/\/latijerayeldedal.com\/","https:\/\/www.facebook.com\/LaTijerayelDedal\/","https:\/\/www.instagram.com\/latijerayeldedal\/","https:\/\/www.linkedin.com\/company\/la-tijera-y-el-dedal\/","https:\/\/www.pinterest.es\/latijerayeldedal\/"],"url":"https:\/\/latijerayeldedal.com\/blog\/author\/latijerayeldedal\/"}]}},"_links":{"self":[{"href":"https:\/\/latijerayeldedal.com\/blog\/wp-json\/wp\/v2\/posts\/1319","targetHints":{"allow":["GET"]}}],"collection":[{"href":"https:\/\/latijerayeldedal.com\/blog\/wp-json\/wp\/v2\/posts"}],"about":[{"href":"https:\/\/latijerayeldedal.com\/blog\/wp-json\/wp\/v2\/types\/post"}],"author":[{"embeddable":true,"href":"https:\/\/latijerayeldedal.com\/blog\/wp-json\/wp\/v2\/users\/2"}],"replies":[{"embeddable":true,"href":"https:\/\/latijerayeldedal.com\/blog\/wp-json\/wp\/v2\/comments?post=1319"}],"version-history":[{"count":2,"href":"https:\/\/latijerayeldedal.com\/blog\/wp-json\/wp\/v2\/posts\/1319\/revisions"}],"predecessor-version":[{"id":1326,"href":"https:\/\/latijerayeldedal.com\/blog\/wp-json\/wp\/v2\/posts\/1319\/revisions\/1326"}],"wp:featuredmedia":[{"embeddable":true,"href":"https:\/\/latijerayeldedal.com\/blog\/wp-json\/wp\/v2\/media\/1320"}],"wp:attachment":[{"href":"https:\/\/latijerayeldedal.com\/blog\/wp-json\/wp\/v2\/media?parent=1319"}],"wp:term":[{"taxonomy":"category","embeddable":true,"href":"https:\/\/latijerayeldedal.com\/blog\/wp-json\/wp\/v2\/categories?post=1319"},{"taxonomy":"post_tag","embeddable":true,"href":"https:\/\/latijerayeldedal.com\/blog\/wp-json\/wp\/v2\/tags?post=1319"}],"curies":[{"name":"wp","href":"https:\/\/api.w.org\/{rel}","templated":true}]}}